{"id":14696,"date":"2025-07-22T12:33:14","date_gmt":"2025-07-22T18:33:14","guid":{"rendered":"https:\/\/sientetupasion.com\/?p=14696"},"modified":"2025-07-22T12:33:14","modified_gmt":"2025-07-22T18:33:14","slug":"cuatro-infantes-bajo-resguardo-del-estado-encuentran-un-nuevo-hogar-en-zacatecas","status":"publish","type":"post","link":"https:\/\/sientetupasion.com\/index.php\/2025\/07\/22\/cuatro-infantes-bajo-resguardo-del-estado-encuentran-un-nuevo-hogar-en-zacatecas\/","title":{"rendered":"Cuatro infantes, bajo resguardo del Estado, encuentran un nuevo hogar en Zacatecas"},"content":{"rendered":"<p>\u25aa\ufe0fLas familias iniciar\u00e1n una convivencia en sus hogares durante un periodo de tres meses<br \/>\n\u25aa\ufe0fEl Gobernador David Monreal \u00c1vila y su esposa, Sara Hern\u00e1ndez, fueron testigos de uno de los actos m\u00e1s conmovedores del servicio p\u00fablico<\/p>\n<p>Zacatecas, Zac., 21 de julio de 2025.- En un momento lleno de emoci\u00f3n y esperanza, la administraci\u00f3n estatal, que encabeza el Gobernador David Monreal \u00c1vila, celebr\u00f3 la entrega en pre adopci\u00f3n de cuatro infantes que, hasta ahora, viv\u00edan bajo el resguardo del Estado, y que hoy comienzan una nueva etapa junto a sus futuras familias.<\/p>\n<p>Acompa\u00f1ado por su esposa, la Presidenta Honor\u00edfica del Sistema Estatal para el Desarrollo Integral de la Familia (SEDIF), Sara Hern\u00e1ndez de Monreal, el mandatario estatal fue testigo de uno de los actos m\u00e1s conmovedores del servicio p\u00fablico: ver c\u00f3mo dos ni\u00f1as y dos ni\u00f1os de la Casa Cuna \u201cPl\u00e1cido Domingo\u201d fueron recibidos con los brazos abiertos por cuatro matrimonios zacatecanos, listos para darles amor, cuidado y un verdadero hogar.<\/p>\n<p>\u201cEstos son los momentos que nos llenan el alma y nos recuerdan porqu\u00e9 trabajamos cada d\u00eda: por el bienestar de nuestras ni\u00f1as y ni\u00f1os\u201d, expres\u00f3 Sara Hern\u00e1ndez de Monreal, al entregar personalmente las actas que autorizan la convivencia pre adoptiva.<\/p>\n<p>En dichas actas, se establece que las familias iniciar\u00e1n una convivencia en sus hogares durante un periodo de tres meses, el cual podr\u00e1 renovarse con el objetivo de construir lazos afectivos s\u00f3lidos y seguros. <\/p>\n<p>Durante este tiempo, personal del SEDIF dar\u00e1 seguimiento cercano para garantizar que los entornos familiares sean \u00f3ptimos y que las y los peque\u00f1os crezcan rodeados de amor y protecci\u00f3n.<\/p>\n<p>El evento estuvo lleno de emoci\u00f3n y sonrisas, y cont\u00f3 con la participaci\u00f3n del Director General del SEDIF, V\u00edctor Humberto de la Torre Delgado; el Procurador de Protecci\u00f3n de Ni\u00f1as, Ni\u00f1os, Adolescentes y Familia, \u00c1lvaro Garc\u00eda Hern\u00e1ndez; la Directora de la Casa Cuna, Brianda Ba\u00f1uelos Romo; la Coordinadora de Adopciones y P\u00e9rdidas, Karen Guerrero; as\u00ed como personal de la Casa Cuna \u201cPl\u00e1cido Domingo\u201d, quienes han acompa\u00f1ado de cerca el proceso de cada ni\u00f1a y ni\u00f1o.<\/p>\n<p>\u2014ooOoo\u2014<\/p>\n","protected":false},"excerpt":{"rendered":"<p>\u25aa\ufe0fLas familias iniciar\u00e1n una convivencia en sus hogares durante un periodo de tres meses \u25aa\ufe0fEl Gobernador David Monreal \u00c1vila y su esposa, Sara Hern\u00e1ndez, fueron testigos<span class=\"excerpt-hellip\"> [\u2026]<\/span><\/p>\n","protected":false},"author":2,"featured_media":14697,"comment_status":"open","ping_status":"open","sticky":false,"template":"","format":"standard","meta":{"footnotes":""},"categories":[16],"tags":[],"class_list":["post-14696","post","type-post","status-publish","format-standard","has-post-thumbnail","hentry","category-zacatecas"],"_links":{"self":[{"href":"https:\/\/sientetupasion.com\/index.php\/wp-json\/wp\/v2\/posts\/14696","targetHints":{"allow":["GET"]}}],"collection":[{"href":"https:\/\/sientetupasion.com\/index.php\/wp-json\/wp\/v2\/posts"}],"about":[{"href":"https:\/\/sientetupasion.com\/index.php\/wp-json\/wp\/v2\/types\/post"}],"author":[{"embeddable":true,"href":"https:\/\/sientetupasion.com\/index.php\/wp-json\/wp\/v2\/users\/2"}],"replies":[{"embeddable":true,"href":"https:\/\/sientetupasion.com\/index.php\/wp-json\/wp\/v2\/comments?post=14696"}],"version-history":[{"count":1,"href":"https:\/\/sientetupasion.com\/index.php\/wp-json\/wp\/v2\/posts\/14696\/revisions"}],"predecessor-version":[{"id":14698,"href":"https:\/\/sientetupasion.com\/index.php\/wp-json\/wp\/v2\/posts\/14696\/revisions\/14698"}],"wp:featuredmedia":[{"embeddable":true,"href":"https:\/\/sientetupasion.com\/index.php\/wp-json\/wp\/v2\/media\/14697"}],"wp:attachment":[{"href":"https:\/\/sientetupasion.com\/index.php\/wp-json\/wp\/v2\/media?parent=14696"}],"wp:term":[{"taxonomy":"category","embeddable":true,"href":"https:\/\/sientetupasion.com\/index.php\/wp-json\/wp\/v2\/categories?post=14696"},{"taxonomy":"post_tag","embeddable":true,"href":"https:\/\/sientetupasion.com\/index.php\/wp-json\/wp\/v2\/tags?post=14696"}],"curies":[{"name":"wp","href":"https:\/\/api.w.org\/{rel}","templated":true}]}}