{"id":14509,"date":"2025-07-16T14:36:52","date_gmt":"2025-07-16T20:36:52","guid":{"rendered":"https:\/\/sientetupasion.com\/?p=14509"},"modified":"2025-07-16T14:36:52","modified_gmt":"2025-07-16T20:36:52","slug":"alfredo-femat-exige-respeto-a-la-soberania-legislativa-y-llama-a-reforzar-el-combate-al-trafico-de-fauna-silvestre","status":"publish","type":"post","link":"https:\/\/sientetupasion.com\/index.php\/2025\/07\/16\/alfredo-femat-exige-respeto-a-la-soberania-legislativa-y-llama-a-reforzar-el-combate-al-trafico-de-fauna-silvestre\/","title":{"rendered":"*ALFREDO FEMAT EXIGE RESPETO A LA SOBERAN\u00cdA LEGISLATIVA Y LLAMA A REFORZAR EL COMBATE AL TR\u00c1FICO DE FAUNA SILVESTRE"},"content":{"rendered":"<p>\u2022\tDenunci\u00f3 retraso de la Coordinaci\u00f3n General Jur\u00eddica en publicaci\u00f3n de reformas y cuentas p\u00fablicas<br \/>\n\u2022\tSolicit\u00f3 dar vista a la Secretar\u00eda de la Funci\u00f3n P\u00fablica para investigar si se ha actualizado alguna causal de responsabilidad.<br \/>\n\u2022\tTambi\u00e9n exhorto a PROFEPA y SAMA para fortalecer la vigilancia y sanci\u00f3n contra el tr\u00e1fico ilegal de fauna silvestre.<\/p>\n<p>En sesi\u00f3n de la Comisi\u00f3n Permanente del Congreso del Estado, el diputado Alfredo Femat Ba\u00f1uelos, coordinador del Grupo Parlamentario del Partido del Trabajo (PT), present\u00f3 dos iniciativas: una en defensa de la soberan\u00eda legislativa y la legalidad del proceso parlamentario, y otra en favor de la protecci\u00f3n ambiental frente al tr\u00e1fico ilegal de especies silvestres.<br \/>\nDurante la lectura de la primera iniciativa expuso que la omisi\u00f3n por parte de la Coordinaci\u00f3n General Jur\u00eddica del Gobierno del Estado, encabezada por el Lic. \u00c1ngel Manuel Mu\u00f1oz Muro, en la publicaci\u00f3n oportuna de decretos, acuerdos y resoluciones aprobados por la LXV Legislatura en el Peri\u00f3dico Oficial del Estado, es preocupante.<br \/>\nFemat Ba\u00f1uelos se\u00f1al\u00f3 que dicha omisi\u00f3n no solo frena la entrada en vigor de reformas legales, sino que representa una forma indirecta de veto a las decisiones del Poder Legislativo, ya que entre los documentos no publicados se encuentran reformas legales clave y cuentas p\u00fablicas municipales que, por su falta de publicaci\u00f3n, no han surtido efectos legales, obstaculizando la rendici\u00f3n de cuentas y el cumplimiento normativo.<br \/>\n\u201cEl Ejecutivo tiene la obligaci\u00f3n legal de promulgar y publicar los instrumentos legislativos aprobados por esta Soberan\u00eda Popular y si no los publica, no hay ley, y si no hay ley, hay impunidad\u201d, advirti\u00f3 el legislador, quien adem\u00e1s solicit\u00f3 que se d\u00e9 vista del asunto a la Secretar\u00eda de la Funci\u00f3n P\u00fablica para que se investigue una posible responsabilidad administrativa del Coordinador Jur\u00eddico.<br \/>\nA solicitud del presidente de la Junta de Coordinaci\u00f3n Pol\u00edtica (JUCOPO), Jes\u00fas Padilla Estrada, la iniciativa fue votada como tema de urgente u obvia resoluci\u00f3n y cont\u00f3 con el respaldo un\u00e1nime de las diputadas y diputados presentes.<br \/>\nLa segunda propuesta del diputado exhorta a la Procuradur\u00eda Federal de Protecci\u00f3n al Ambiente (PROFEPA) y a la Secretar\u00eda de Agua y Medio Ambiente de Zacatecas (SAMA) a reforzar sus mecanismos de vigilancia y sanci\u00f3n frente al incremento de casos de venta ilegal de animales silvestres, especialmente en redes sociales.<br \/>\nEl legislador record\u00f3 un caso reciente en el municipio de Ojocaliente, donde se comercializaba una cr\u00eda de coyote a trav\u00e9s de la red social Facebook, caso en que se logr\u00f3 el rescate del animal gracias al activismo ciudadano de \u201cSerch Rescata\u201d, quien con recursos propios logr\u00f3 canalizar al ejemplar a un centro especializado.<br \/>\nEl hecho, apunt\u00f3, evidencia la normalizaci\u00f3n de esta pr\u00e1ctica y la falta de acci\u00f3n institucional.<br \/>\n\u201cLa fauna silvestre no es mercanc\u00eda y cada animal vendido es una vida rota y un ecosistema herido, por lo que necesitamos que las autoridades act\u00faen con firmeza, pero tambi\u00e9n que reconozcan y respalden a quienes ya est\u00e1n defendiendo la vida desde la sociedad civil\u201d, expres\u00f3 Alfredo Femat.<\/p>\n","protected":false},"excerpt":{"rendered":"<p>\u2022 Denunci\u00f3 retraso de la Coordinaci\u00f3n General Jur\u00eddica en publicaci\u00f3n de reformas y cuentas p\u00fablicas \u2022 Solicit\u00f3 dar vista a la Secretar\u00eda de la Funci\u00f3n P\u00fablica<span class=\"excerpt-hellip\"> [\u2026]<\/span><\/p>\n","protected":false},"author":2,"featured_media":14510,"comment_status":"open","ping_status":"open","sticky":false,"template":"","format":"standard","meta":{"footnotes":""},"categories":[8],"tags":[],"class_list":["post-14509","post","type-post","status-publish","format-standard","has-post-thumbnail","hentry","category-politica"],"_links":{"self":[{"href":"https:\/\/sientetupasion.com\/index.php\/wp-json\/wp\/v2\/posts\/14509","targetHints":{"allow":["GET"]}}],"collection":[{"href":"https:\/\/sientetupasion.com\/index.php\/wp-json\/wp\/v2\/posts"}],"about":[{"href":"https:\/\/sientetupasion.com\/index.php\/wp-json\/wp\/v2\/types\/post"}],"author":[{"embeddable":true,"href":"https:\/\/sientetupasion.com\/index.php\/wp-json\/wp\/v2\/users\/2"}],"replies":[{"embeddable":true,"href":"https:\/\/sientetupasion.com\/index.php\/wp-json\/wp\/v2\/comments?post=14509"}],"version-history":[{"count":1,"href":"https:\/\/sientetupasion.com\/index.php\/wp-json\/wp\/v2\/posts\/14509\/revisions"}],"predecessor-version":[{"id":14511,"href":"https:\/\/sientetupasion.com\/index.php\/wp-json\/wp\/v2\/posts\/14509\/revisions\/14511"}],"wp:featuredmedia":[{"embeddable":true,"href":"https:\/\/sientetupasion.com\/index.php\/wp-json\/wp\/v2\/media\/14510"}],"wp:attachment":[{"href":"https:\/\/sientetupasion.com\/index.php\/wp-json\/wp\/v2\/media?parent=14509"}],"wp:term":[{"taxonomy":"category","embeddable":true,"href":"https:\/\/sientetupasion.com\/index.php\/wp-json\/wp\/v2\/categories?post=14509"},{"taxonomy":"post_tag","embeddable":true,"href":"https:\/\/sientetupasion.com\/index.php\/wp-json\/wp\/v2\/tags?post=14509"}],"curies":[{"name":"wp","href":"https:\/\/api.w.org\/{rel}","templated":true}]}}