{"id":14503,"date":"2025-07-16T14:35:14","date_gmt":"2025-07-16T20:35:14","guid":{"rendered":"https:\/\/sientetupasion.com\/?p=14503"},"modified":"2025-07-16T14:35:14","modified_gmt":"2025-07-16T20:35:14","slug":"la-unidad-revolucionaria-crece-y-consolida-el-pri","status":"publish","type":"post","link":"https:\/\/sientetupasion.com\/index.php\/2025\/07\/16\/la-unidad-revolucionaria-crece-y-consolida-el-pri\/","title":{"rendered":"*LA UNIDAD REVOLUCIONARIA CRECE Y CONSOLIDA EL PRI*"},"content":{"rendered":"<p>Con el objetivo de fortalecer las estructuras partidistas, el Presidente del Comit\u00e9 Directivo Estatal (CDE) del Partido Revolucionario Institucional (PRI), Carlos Pe\u00f1a Badillo, tom\u00f3 protesta a nuevos liderazgos de la Unidad Revolucionaria (UR) de los municipios de Zacatecas y Guadalupe. <\/p>\n<p>Acompa\u00f1ado por el Presidente estatal de la UR, Aaron L\u00f3pez Lechuga y por la Secretaria General, Cecilia Rodr\u00edguez Sucunza, el dirigente estatal priista convoc\u00f3 a los nuevos liderazgos sumarse a los trabajos que el partido y esta organizaci\u00f3n viene desarrollando para construir un proyecto s\u00f3lido de cara al proceso electoral del 2027.<\/p>\n<p>Pe\u00f1a Badillo tambi\u00e9n les pidi\u00f3  incluir en sus estructuras a mujeres y hombres de experiencia, as\u00ed como a j\u00f3venes, no solo para que esta organizaci\u00f3n tenga presencia en los 58 municipios del Estado, sino para construir un equipo incluyente que sume fuerza y consolide al PRI en Zacatecas. <\/p>\n<p>Durante esta toma de protesta que se llev\u00f3 a cabo en el Sal\u00f3n Gobernadores de la sede estatal priista, el Delegado General del CEN, Jos\u00e9 Marco Antonio Olvera Avecedo reconoci\u00f3 el trabajo que realizan los dirigentes de la UR estatal y los exhort\u00f3 a redoblar esfuerzos y concentrarse en conformar estructuras bien definidas y activas.<\/p>\n<p>En este evento tambi\u00e9n se cont\u00f3 con la presencia de la Diputada local Dayanne Cruz y de la Regidora y Presidenta del PRI Capital, Mariana Anaya Mota. As\u00ed como de la estructura de la UR y de la Expresi\u00f3n Juvenil Revolucionaria, y Secretarios del CDE. <\/p>\n<p>&#8212;000&#8212;<\/p>\n","protected":false},"excerpt":{"rendered":"<p>Con el objetivo de fortalecer las estructuras partidistas, el Presidente del Comit\u00e9 Directivo Estatal (CDE) del Partido Revolucionario Institucional (PRI), Carlos Pe\u00f1a Badillo, tom\u00f3 protesta a<span class=\"excerpt-hellip\"> [\u2026]<\/span><\/p>\n","protected":false},"author":2,"featured_media":14504,"comment_status":"open","ping_status":"open","sticky":false,"template":"","format":"standard","meta":{"footnotes":""},"categories":[8],"tags":[],"class_list":["post-14503","post","type-post","status-publish","format-standard","has-post-thumbnail","hentry","category-politica"],"_links":{"self":[{"href":"https:\/\/sientetupasion.com\/index.php\/wp-json\/wp\/v2\/posts\/14503","targetHints":{"allow":["GET"]}}],"collection":[{"href":"https:\/\/sientetupasion.com\/index.php\/wp-json\/wp\/v2\/posts"}],"about":[{"href":"https:\/\/sientetupasion.com\/index.php\/wp-json\/wp\/v2\/types\/post"}],"author":[{"embeddable":true,"href":"https:\/\/sientetupasion.com\/index.php\/wp-json\/wp\/v2\/users\/2"}],"replies":[{"embeddable":true,"href":"https:\/\/sientetupasion.com\/index.php\/wp-json\/wp\/v2\/comments?post=14503"}],"version-history":[{"count":1,"href":"https:\/\/sientetupasion.com\/index.php\/wp-json\/wp\/v2\/posts\/14503\/revisions"}],"predecessor-version":[{"id":14505,"href":"https:\/\/sientetupasion.com\/index.php\/wp-json\/wp\/v2\/posts\/14503\/revisions\/14505"}],"wp:featuredmedia":[{"embeddable":true,"href":"https:\/\/sientetupasion.com\/index.php\/wp-json\/wp\/v2\/media\/14504"}],"wp:attachment":[{"href":"https:\/\/sientetupasion.com\/index.php\/wp-json\/wp\/v2\/media?parent=14503"}],"wp:term":[{"taxonomy":"category","embeddable":true,"href":"https:\/\/sientetupasion.com\/index.php\/wp-json\/wp\/v2\/categories?post=14503"},{"taxonomy":"post_tag","embeddable":true,"href":"https:\/\/sientetupasion.com\/index.php\/wp-json\/wp\/v2\/tags?post=14503"}],"curies":[{"name":"wp","href":"https:\/\/api.w.org\/{rel}","templated":true}]}}