{"id":14500,"date":"2025-07-16T14:33:55","date_gmt":"2025-07-16T20:33:55","guid":{"rendered":"https:\/\/sientetupasion.com\/?p=14500"},"modified":"2025-07-16T14:33:55","modified_gmt":"2025-07-16T20:33:55","slug":"no-queremos-que-al-gobierno-le-vaya-mal-pero-le-esta-yendo-muy-mal-alejandro-moreno","status":"publish","type":"post","link":"https:\/\/sientetupasion.com\/index.php\/2025\/07\/16\/no-queremos-que-al-gobierno-le-vaya-mal-pero-le-esta-yendo-muy-mal-alejandro-moreno\/","title":{"rendered":"NO QUEREMOS QUE AL GOBIERNO LE VAYA MAL, PERO LE EST\u00c1 YENDO MUY MAL: ALEJANDRO MORENO"},"content":{"rendered":"<p>\u2022 *El Presidente del CEN del tricolor dijo que si el PRI estuviera en el gobierno, no se tendr\u00eda la crisis en la relaci\u00f3n de M\u00e9xico con Estados Unidos.*<br \/>\n\u2022 *Asever\u00f3 que \u201clos priistas somos patriotas\u201d y, por ello, explic\u00f3 que \u201cdefendemos la democracia, las instituciones electorales, el Poder Judicial\u201d.*<br \/>\n\u2022 *Indic\u00f3 que en el PRI \u201crechazamos cualquier medida de un gobierno extranjero que lesione a los mexicanos; pero, aclar\u00f3, \u201ctampoco avalamos la ineficacia gubernamental y los nexos con la delincuencia organizada\u201d.*<\/p>\n<p>\u201cNo queremos que al gobierno le vaya mal, pero le est\u00e1 yendo muy mal\u201d, afirm\u00f3 contundente el Presidente del Comit\u00e9 Ejecutivo Nacional (CEN) del Partido Revolucionario Institucional (PRI), Alejandro Moreno, quien, de remate, sostuvo que \u201cla desesperaci\u00f3n, incapacidad e ineptitud de su gabinete est\u00e1 consumiendo a la Presidenta Claudia Sheinbaum y a Morena\u201d.<\/p>\n<p>Asegur\u00f3 que, si el PRI estuviera en el gobierno, la crisis en la relaci\u00f3n con Estados Unidos no estar\u00eda ocurriendo. \u201cTendr\u00edamos una excelente relaci\u00f3n con Estados Unidos y con todos los pa\u00edses del mundo. Habr\u00edamos resuelto todo mediante el di\u00e1logo y el acuerdo, siempre buscando el beneficio de nuestra naci\u00f3n. \u00a1Con el PRI esta crisis jam\u00e1s sucedi\u00f3!\u201d, expuso.<\/p>\n<p>En un amplio posicionamiento publicado en sus redes sociales, en respuesta a los embates del gobierno de Morena a la oposici\u00f3n, el senador y dirigente nacional del tricolor dijo a la Presidenta que, \u201cincluso, usted lo sabe: El PRI sabe gobernar\u201d.<\/p>\n<p>Enseguida, el tambi\u00e9n Presidente de la Conferencia Permanente de Partidos Pol\u00edticos de Am\u00e9rica Latina y el Caribe (COPPPAL), dej\u00f3 en claro que \u201clos priistas somos patriotas\u201d y, por ello, explic\u00f3 que \u201cdefendemos la democracia, las instituciones electorales, el Poder Judicial\u201d, y \u201csomos cr\u00edticos de las malas pol\u00edticas de Morena y su gobierno\u201d.<\/p>\n<p>Precis\u00f3 adem\u00e1s que \u201crechazamos cualquier medida de un gobierno extranjero que lesione a los mexicanos; rechazamos los aranceles; rechazamos las presiones\u201d. Empero, indic\u00f3, \u201ctampoco avalamos la ineficacia gubernamental y los nexos con la delincuencia organizada. Estamos en contra de que se hable, en el mundo entero, de M\u00e9xico como un narcogobierno, que se conozca al pa\u00eds por tener narcopol\u00edticos\u201d.<\/p>\n<p>Luego, el Presidente Alejandro Moreno hizo una serie de cuestionamientos a Morena y su gobierno.<\/p>\n<p>Pregunt\u00f3 si la oposici\u00f3n invent\u00f3 la investigaci\u00f3n del Departamento del Tesoro para acusar a tres instituciones financieras de lavado de dinero, o si la oposici\u00f3n es la que es acusada por el Presidente de los Estados Unidos, Donald Trump, de no hacer lo suficiente para combatir al narcotr\u00e1fico y al crimen organizado.<\/p>\n<p>Cuestion\u00f3 si la oposici\u00f3n fue la que orden\u00f3 la liberaci\u00f3n de Ovidio Guzm\u00e1n cuando fue detenido en Sinaloa, y si la oposici\u00f3n es responsable de que Andr\u00e9s Manuel L\u00f3pez Obrador haya pactado con el crimen y protegido a narcopol\u00edticos de Morena.<\/p>\n<p>Asimismo, el Presidente del CEN del PRI pregunt\u00f3 si la oposici\u00f3n es culpable de que Andy L\u00f3pez Beltr\u00e1n est\u00e9 se\u00f1alado de recibir dinero del crimen organizado, o si la oposici\u00f3n es culpable de que Ad\u00e1n Augusto L\u00f3pez Hern\u00e1ndez, exsecretario de Gobernaci\u00f3n en el gobierno de L\u00f3pez Obrador, sea se\u00f1alado de proteger a miembros del crimen organizado y a narcopol\u00edticos de Morena.<\/p>\n<p>En ese marco, cuestion\u00f3 si la oposici\u00f3n tiene a gobernadores como Rub\u00e9n Rocha Moya, Am\u00e9rico Villarreal o Alfonso Durazo Monta\u00f1o, acusados de v\u00ednculos con la delincuencia organizada, y si la oposici\u00f3n nombr\u00f3 al exsecretario de Seguridad P\u00fablica de Tabasco, hoy acusado de encabezar una organizaci\u00f3n criminal.<\/p>\n<p>Finalmente, el Presidente Alejandro Moreno afirm\u00f3 que desde el PRI, \u201cnosotros combatimos la tiran\u00eda de frente, con la verdad y con car\u00e1cter. El pueblo de M\u00e9xico lo sabe, por eso Morena perder\u00e1 en el 2027 y en el 2030 perder\u00e1n la Presidencia de la Rep\u00fablica\u201d.<\/p>\n<p>&#8212;000&#8212;<\/p>\n","protected":false},"excerpt":{"rendered":"<p>\u2022 *El Presidente del CEN del tricolor dijo que si el PRI estuviera en el gobierno, no se tendr\u00eda la crisis en la relaci\u00f3n de M\u00e9xico<span class=\"excerpt-hellip\"> [\u2026]<\/span><\/p>\n","protected":false},"author":2,"featured_media":14501,"comment_status":"open","ping_status":"open","sticky":false,"template":"","format":"standard","meta":{"footnotes":""},"categories":[8],"tags":[],"class_list":["post-14500","post","type-post","status-publish","format-standard","has-post-thumbnail","hentry","category-politica"],"_links":{"self":[{"href":"https:\/\/sientetupasion.com\/index.php\/wp-json\/wp\/v2\/posts\/14500","targetHints":{"allow":["GET"]}}],"collection":[{"href":"https:\/\/sientetupasion.com\/index.php\/wp-json\/wp\/v2\/posts"}],"about":[{"href":"https:\/\/sientetupasion.com\/index.php\/wp-json\/wp\/v2\/types\/post"}],"author":[{"embeddable":true,"href":"https:\/\/sientetupasion.com\/index.php\/wp-json\/wp\/v2\/users\/2"}],"replies":[{"embeddable":true,"href":"https:\/\/sientetupasion.com\/index.php\/wp-json\/wp\/v2\/comments?post=14500"}],"version-history":[{"count":1,"href":"https:\/\/sientetupasion.com\/index.php\/wp-json\/wp\/v2\/posts\/14500\/revisions"}],"predecessor-version":[{"id":14502,"href":"https:\/\/sientetupasion.com\/index.php\/wp-json\/wp\/v2\/posts\/14500\/revisions\/14502"}],"wp:featuredmedia":[{"embeddable":true,"href":"https:\/\/sientetupasion.com\/index.php\/wp-json\/wp\/v2\/media\/14501"}],"wp:attachment":[{"href":"https:\/\/sientetupasion.com\/index.php\/wp-json\/wp\/v2\/media?parent=14500"}],"wp:term":[{"taxonomy":"category","embeddable":true,"href":"https:\/\/sientetupasion.com\/index.php\/wp-json\/wp\/v2\/categories?post=14500"},{"taxonomy":"post_tag","embeddable":true,"href":"https:\/\/sientetupasion.com\/index.php\/wp-json\/wp\/v2\/tags?post=14500"}],"curies":[{"name":"wp","href":"https:\/\/api.w.org\/{rel}","templated":true}]}}