{"id":14479,"date":"2025-07-16T06:37:48","date_gmt":"2025-07-16T12:37:48","guid":{"rendered":"https:\/\/sientetupasion.com\/?p=14479"},"modified":"2025-07-16T06:37:48","modified_gmt":"2025-07-16T12:37:48","slug":"es-noemi-luna-aliada-de-las-y-los-zacatecanos-para-construir-un-futuro-confiable-para-el-estado","status":"publish","type":"post","link":"https:\/\/sientetupasion.com\/index.php\/2025\/07\/16\/es-noemi-luna-aliada-de-las-y-los-zacatecanos-para-construir-un-futuro-confiable-para-el-estado\/","title":{"rendered":"*ES NOEM\u00cd LUNA ALIADA DE LAS Y LOS ZACATECANOS PARA CONSTRUIR UN FUTURO CONFIABLE PARA EL ESTADO"},"content":{"rendered":"<p>\u2022\tLa Diputada Federal participa en reuni\u00f3n entre el Alcalde de Zacatecas, Miguel Varela, y el Embajador de la Rep\u00fablica Checa en M\u00e9xico, Tom\u00e1\u0161 Hart<\/p>\n<p>La Legisladora Noem\u00ed Luna es aliada de las y los zacatecanos, pues su lucha desde la C\u00e1mara de Diputados es por los intereses del estado, como la asignaci\u00f3n de mejores presupuestos federales para atender el campo, educaci\u00f3n, salud y seguridad, generaci\u00f3n de empleos y mejorar la seguridad, a fin de construir un futuro confiable.<\/p>\n<p>La tambi\u00e9n Vicecoordinadora General del Grupo Parlamentario del Partido Acci\u00f3n Nacional (GPPAN) as\u00ed lo se\u00f1al\u00f3 al participar como invitada en la reuni\u00f3n entre el Alcalde de Zacatecas, Miguel Varela; y el Embajador de la Rep\u00fablica Checa en M\u00e9xico, Tom\u00e1\u0161 Hart, que tuvo lugar en las instalaciones de la Presidencia Municipal de la capital.<\/p>\n<p>El objetivo del encuentro de las autoridades zacatecanas con el diplom\u00e1tico es fortalecer el intercambio cultural y educativo, atraer inversiones que generen empleos y concretar acciones que coadyuven a mejorar la calidad de vida de la poblaci\u00f3n local.<\/p>\n<p>oooOooo Zacatecas, Zac., a 15 de julio de 2025.<\/p>\n<p>*ES NOEM\u00cd LUNA ALIADA DE LAS Y LOS ZACATECANOS PARA CONSTRUIR UN FUTURO CONFIABLE PARA EL ESTADO*<\/p>\n<p>\u2022\tLa Diputada Federal participa en reuni\u00f3n entre el Alcalde de Zacatecas, Miguel Varela, y el Embajador de la Rep\u00fablica Checa en M\u00e9xico, Tom\u00e1\u0161 Hart<\/p>\n<p>La Legisladora Noem\u00ed Luna es aliada de las y los zacatecanos, pues su lucha desde la C\u00e1mara de Diputados es por los intereses del estado, como la asignaci\u00f3n de mejores presupuestos federales para atender el campo, educaci\u00f3n, salud y seguridad, generaci\u00f3n de empleos y mejorar la seguridad, a fin de construir un futuro confiable.<\/p>\n<p>La tambi\u00e9n Vicecoordinadora General del Grupo Parlamentario del Partido Acci\u00f3n Nacional (GPPAN) as\u00ed lo se\u00f1al\u00f3 al participar como invitada en la reuni\u00f3n entre el Alcalde de Zacatecas, Miguel Varela; y el Embajador de la Rep\u00fablica Checa en M\u00e9xico, Tom\u00e1\u0161 Hart, que tuvo lugar en las instalaciones de la Presidencia Municipal de la capital.<\/p>\n<p>El objetivo del encuentro de las autoridades zacatecanas con el diplom\u00e1tico es fortalecer el intercambio cultural y educativo, atraer inversiones que generen empleos y concretar acciones que coadyuven a mejorar la calidad de vida de la poblaci\u00f3n local.<\/p>\n<p>oooOooo<\/p>\n","protected":false},"excerpt":{"rendered":"<p>\u2022 La Diputada Federal participa en reuni\u00f3n entre el Alcalde de Zacatecas, Miguel Varela, y el Embajador de la Rep\u00fablica Checa en M\u00e9xico, Tom\u00e1\u0161 Hart La<span class=\"excerpt-hellip\"> [\u2026]<\/span><\/p>\n","protected":false},"author":2,"featured_media":14480,"comment_status":"open","ping_status":"open","sticky":false,"template":"","format":"standard","meta":{"footnotes":""},"categories":[8],"tags":[],"class_list":["post-14479","post","type-post","status-publish","format-standard","has-post-thumbnail","hentry","category-politica"],"_links":{"self":[{"href":"https:\/\/sientetupasion.com\/index.php\/wp-json\/wp\/v2\/posts\/14479","targetHints":{"allow":["GET"]}}],"collection":[{"href":"https:\/\/sientetupasion.com\/index.php\/wp-json\/wp\/v2\/posts"}],"about":[{"href":"https:\/\/sientetupasion.com\/index.php\/wp-json\/wp\/v2\/types\/post"}],"author":[{"embeddable":true,"href":"https:\/\/sientetupasion.com\/index.php\/wp-json\/wp\/v2\/users\/2"}],"replies":[{"embeddable":true,"href":"https:\/\/sientetupasion.com\/index.php\/wp-json\/wp\/v2\/comments?post=14479"}],"version-history":[{"count":1,"href":"https:\/\/sientetupasion.com\/index.php\/wp-json\/wp\/v2\/posts\/14479\/revisions"}],"predecessor-version":[{"id":14481,"href":"https:\/\/sientetupasion.com\/index.php\/wp-json\/wp\/v2\/posts\/14479\/revisions\/14481"}],"wp:featuredmedia":[{"embeddable":true,"href":"https:\/\/sientetupasion.com\/index.php\/wp-json\/wp\/v2\/media\/14480"}],"wp:attachment":[{"href":"https:\/\/sientetupasion.com\/index.php\/wp-json\/wp\/v2\/media?parent=14479"}],"wp:term":[{"taxonomy":"category","embeddable":true,"href":"https:\/\/sientetupasion.com\/index.php\/wp-json\/wp\/v2\/categories?post=14479"},{"taxonomy":"post_tag","embeddable":true,"href":"https:\/\/sientetupasion.com\/index.php\/wp-json\/wp\/v2\/tags?post=14479"}],"curies":[{"name":"wp","href":"https:\/\/api.w.org\/{rel}","templated":true}]}}