{"id":14476,"date":"2025-07-16T06:35:53","date_gmt":"2025-07-16T12:35:53","guid":{"rendered":"https:\/\/sientetupasion.com\/?p=14476"},"modified":"2025-07-16T06:35:53","modified_gmt":"2025-07-16T12:35:53","slug":"fresnillo-se-pintara-naranja-en-el-2027-inicia-una-nueva-etapa-con-vision-ciudadana-y-empresarial-desde-movimiento-ciudadano","status":"publish","type":"post","link":"https:\/\/sientetupasion.com\/index.php\/2025\/07\/16\/fresnillo-se-pintara-naranja-en-el-2027-inicia-una-nueva-etapa-con-vision-ciudadana-y-empresarial-desde-movimiento-ciudadano\/","title":{"rendered":"\u00a1FRESNILLO SE PINTAR\u00c1 NARANJA EN EL 2027! INICIA UNA NUEVA ETAPA CON VISI\u00d3N CIUDADANA Y EMPRESARIAL DESDE MOVIMIENTO CIUDADANO"},"content":{"rendered":"<p>Fresnillo est\u00e1 dando un paso firme hacia el futuro. Un paso que no se construye desde la improvisaci\u00f3n, sino desde el talento, la pluralidad y una visi\u00f3n de desarrollo con resultados. <\/p>\n<p>En la octava sesi\u00f3n ordinaria de la Coordinaci\u00f3n Operativa Estatal, se aprob\u00f3 la integraci\u00f3n oficial de la Coordinaci\u00f3n Operativa Municipal de Movimiento Ciudadano en Fresnillo, un proyecto que nace con liderazgo ciudadano, respaldo empresarial y compromiso con el bienestar colectivo.<\/p>\n<p>Encabezada por Arturo Romo Venecia como Coordinador y Rogelio J\u00e1uregui Rivera como Secretario General de Acuerdos, esta nueva etapa representa m\u00e1s que una estructura pol\u00edtica: es el arranque de una alternativa fresca, honesta y con visi\u00f3n estrat\u00e9gica para construir el Fresnillo que merecemos.<\/p>\n<p>Durante la sesi\u00f3n, Juan del Real, referente estatal, agradeci\u00f3 a cada integrante por sumarse y reconocer que el cambio verdadero no llega desde el poder de siempre, sino desde la voluntad de quienes entienden el valor de sumar y no de dividir. <\/p>\n<p>\u201cFresnillo es un municipio rico, productivo, clave para la econom\u00eda del estado\u2026 pero sigue arrastrando a\u00f1os de abandono institucional. Los partidos de siempre tienen una deuda con su gente. Hoy, estamos aqu\u00ed para saldarla con acciones, resultados y transparencia\u201d, expres\u00f3.<\/p>\n<p>Este movimiento abraza una visi\u00f3n empresarial y social. Se suman perfiles como Miguel Correa, empresario comprometido con el desarrollo econ\u00f3mico del municipio, quien dio un paso adelante convencido de que la pol\u00edtica necesita de l\u00edderes que conozcan el trabajo, la innovaci\u00f3n y el impacto real de las decisiones. <\/p>\n<p>\u201cFresnillo est\u00e1 lleno de oportunidades; es momento de cambiarle la cara con un modelo que entienda de inversi\u00f3n social, liderazgo colectivo y desarrollo con futuro\u201d, se\u00f1al\u00f3.<\/p>\n<p>Tambi\u00e9n se integran figuras como Iris Aguirre y Gustavo Mu\u00f1oz, exdiputados con experiencia, as\u00ed como mujeres y hombres que no vienen del mundo pol\u00edtico, pero s\u00ed del compromiso empresarial, educativo y ciudadano. Porque este equipo no se construye con intereses personales, sino con vocaci\u00f3n de servicio.<\/p>\n<p>La diputada Ana Mar\u00eda Romo Fonseca destac\u00f3 que Movimiento Ciudadano es una casa alegre, con estructura y trabajo. \u201cEstar aqu\u00ed, verles activos, comprometidos, es motivo de orgullo.<br \/>\nDesde Fresnillo vamos a construir una gran fuerza, con proyectos reales, con causas, y con una meta clara: que en 2027 Zacatecas tenga su primer gobernador ciudadano\u201d.<\/p>\n<p>Pepe Haro fue reconocido por su trayectoria y por dar el paso hacia Movimiento Ciudadano, sumando desde el sector p\u00fablico y ahora desde una visi\u00f3n m\u00e1s ciudadana y abierta al trabajo colectivo.<\/p>\n<p>Arturo Romo Venecia fue contundente: \u201cVenimos a construir con todas y todos. Vamos a salir a las calles, a escuchar a la gente, a responder con hechos y no con excusas. Seremos una voz firme, valiente y cercana al pueblo\u201d.<\/p>\n<p>Rogelio J\u00e1uregui, por su parte, expres\u00f3 que la pol\u00edtica debe representar a quienes generan empleo, a quienes invierten y apuestan por Fresnillo todos los d\u00edas. <\/p>\n<p>\u201cAqu\u00ed est\u00e1 la mejor versi\u00f3n del municipio: j\u00f3venes, empresarios, mujeres, trabajadores\u2026 todos listos para construir el proyecto que Fresnillo necesita\u201d.<\/p>\n<p>Porque hoy lo decimos fuerte y claro: construiremos el mejor Fresnillo de la Historia.<\/p>\n","protected":false},"excerpt":{"rendered":"<p>Fresnillo est\u00e1 dando un paso firme hacia el futuro. Un paso que no se construye desde la improvisaci\u00f3n, sino desde el talento, la pluralidad y una<span class=\"excerpt-hellip\"> [\u2026]<\/span><\/p>\n","protected":false},"author":2,"featured_media":14477,"comment_status":"open","ping_status":"open","sticky":false,"template":"","format":"standard","meta":{"footnotes":""},"categories":[8],"tags":[],"class_list":["post-14476","post","type-post","status-publish","format-standard","has-post-thumbnail","hentry","category-politica"],"_links":{"self":[{"href":"https:\/\/sientetupasion.com\/index.php\/wp-json\/wp\/v2\/posts\/14476","targetHints":{"allow":["GET"]}}],"collection":[{"href":"https:\/\/sientetupasion.com\/index.php\/wp-json\/wp\/v2\/posts"}],"about":[{"href":"https:\/\/sientetupasion.com\/index.php\/wp-json\/wp\/v2\/types\/post"}],"author":[{"embeddable":true,"href":"https:\/\/sientetupasion.com\/index.php\/wp-json\/wp\/v2\/users\/2"}],"replies":[{"embeddable":true,"href":"https:\/\/sientetupasion.com\/index.php\/wp-json\/wp\/v2\/comments?post=14476"}],"version-history":[{"count":1,"href":"https:\/\/sientetupasion.com\/index.php\/wp-json\/wp\/v2\/posts\/14476\/revisions"}],"predecessor-version":[{"id":14478,"href":"https:\/\/sientetupasion.com\/index.php\/wp-json\/wp\/v2\/posts\/14476\/revisions\/14478"}],"wp:featuredmedia":[{"embeddable":true,"href":"https:\/\/sientetupasion.com\/index.php\/wp-json\/wp\/v2\/media\/14477"}],"wp:attachment":[{"href":"https:\/\/sientetupasion.com\/index.php\/wp-json\/wp\/v2\/media?parent=14476"}],"wp:term":[{"taxonomy":"category","embeddable":true,"href":"https:\/\/sientetupasion.com\/index.php\/wp-json\/wp\/v2\/categories?post=14476"},{"taxonomy":"post_tag","embeddable":true,"href":"https:\/\/sientetupasion.com\/index.php\/wp-json\/wp\/v2\/tags?post=14476"}],"curies":[{"name":"wp","href":"https:\/\/api.w.org\/{rel}","templated":true}]}}