{"id":14366,"date":"2025-07-14T17:25:42","date_gmt":"2025-07-14T23:25:42","guid":{"rendered":"https:\/\/sientetupasion.com\/?p=14366"},"modified":"2025-07-14T17:25:42","modified_gmt":"2025-07-14T23:25:42","slug":"ulises-mejia-haro-fortalecer-la-produccion-nacional-y-diversificar-exportaciones","status":"publish","type":"post","link":"https:\/\/sientetupasion.com\/index.php\/2025\/07\/14\/ulises-mejia-haro-fortalecer-la-produccion-nacional-y-diversificar-exportaciones\/","title":{"rendered":"ULISES MEJ\u00cdA HARO: FORTALECER LA PRODUCCI\u00d3N NACIONAL Y DIVERSIFICAR EXPORTACIONES"},"content":{"rendered":"<p>Zacatecas, Zac., a 14 de julio de 2025.\u2013<br \/>\nAnte los medios de comunicaci\u00f3n, durante su ya tradicional rueda de prensa &#8220;La Legislativa&#8221;, ahora en el municipio de Fresnillo, el diputado federal por Zacatecas, Ulises Mej\u00eda Haro, se pronunci\u00f3 sobre la incertidumbre econ\u00f3mica generada por las recientes declaraciones del presidente estadounidense Donald Trump, quien ha planteado de manera unilateral y sin respetar los estipulado en el Tratado comercial de M\u00e9xico, Estados Unidos y Canad\u00e1 (T-MEC), el cual \u00e9l mismo firm\u00f3 en su administraci\u00f3n pasada nuevas medidas arancelarias que afectar\u00edan directamente a las exportaciones mexicanas.<\/p>\n<p>Mej\u00eda Haro subray\u00f3 que \u201cla visi\u00f3n de la presidenta Claudia Sheinbaum de seguir fortaleciendo la producci\u00f3n nacional en todos los sectores, es la correcta; debemos continuar impulsando una pol\u00edtica de sustituci\u00f3n de importaciones\u201d. Asimismo, enfatiz\u00f3 la necesidad de diversificar los destinos de nuestras  exportaciones: \u201cNo podemos poner todos los huevos en una sola canasta\u201d, afirm\u00f3.<\/p>\n<p>El legislador consider\u00f3 que estas declaraciones del mandatario estadounidense responden a una estrategia de intimidaci\u00f3n econ\u00f3mica con el objetivo de presionar negociaciones en otros sectores. En ese sentido, reconoci\u00f3 la postura firme, inteligente y mesurada de la presidenta Claudia Sheinbaum, quien ha defendido la soberan\u00eda nacional con dignidad y apertura al di\u00e1logo binacional, en favor del bienestar compartido.<\/p>\n<p>En el plano local, advirti\u00f3 que Zacatecas podr\u00eda verse gravemente afectado si se concretan los nuevos aranceles, especialmente en sectores exportadores clave como el agropecuario \u2014chile, ajo, lechuga, tomate rojo y verde, ajo, nopal, tuna y ganado en pie, entre otros -, as\u00ed como las industrias manufactureras como la  automotriz y las agroindustrias del mezcal y de la cerveza.<\/p>\n<p>Finalmente, Ulises Mej\u00eda Haro subray\u00f3 que esta coyuntura refuerza la necesidad de que Zacatecas se integre de forma decidida y profunda al Plan M\u00e9xico impulsado por el Gobierno Federal. \u201cDebemos apostarle a proyectos estrat\u00e9gicos como el ferrocarril de pasajeros, el impulso y  modernizaci\u00f3n agroindustrial, la tecnificaci\u00f3n del campo, el fortalecimiento de la miner\u00eda, el turismo y cultura y la mejora en v\u00edas de comunicaci\u00f3n en la infraestructura carretera y a\u00e9rea. Por ejemplo, debemos gestionar que Mexicana de Aviaci\u00f3n incluya rutas a Zacatecas como parte de su oferta de conectividad\u201d, concluy\u00f3.<\/p>\n","protected":false},"excerpt":{"rendered":"<p>Zacatecas, Zac., a 14 de julio de 2025.\u2013 Ante los medios de comunicaci\u00f3n, durante su ya tradicional rueda de prensa &#8220;La Legislativa&#8221;, ahora en el municipio<span class=\"excerpt-hellip\"> [\u2026]<\/span><\/p>\n","protected":false},"author":2,"featured_media":14367,"comment_status":"open","ping_status":"open","sticky":false,"template":"","format":"standard","meta":{"footnotes":""},"categories":[8],"tags":[],"class_list":["post-14366","post","type-post","status-publish","format-standard","has-post-thumbnail","hentry","category-politica"],"_links":{"self":[{"href":"https:\/\/sientetupasion.com\/index.php\/wp-json\/wp\/v2\/posts\/14366","targetHints":{"allow":["GET"]}}],"collection":[{"href":"https:\/\/sientetupasion.com\/index.php\/wp-json\/wp\/v2\/posts"}],"about":[{"href":"https:\/\/sientetupasion.com\/index.php\/wp-json\/wp\/v2\/types\/post"}],"author":[{"embeddable":true,"href":"https:\/\/sientetupasion.com\/index.php\/wp-json\/wp\/v2\/users\/2"}],"replies":[{"embeddable":true,"href":"https:\/\/sientetupasion.com\/index.php\/wp-json\/wp\/v2\/comments?post=14366"}],"version-history":[{"count":1,"href":"https:\/\/sientetupasion.com\/index.php\/wp-json\/wp\/v2\/posts\/14366\/revisions"}],"predecessor-version":[{"id":14368,"href":"https:\/\/sientetupasion.com\/index.php\/wp-json\/wp\/v2\/posts\/14366\/revisions\/14368"}],"wp:featuredmedia":[{"embeddable":true,"href":"https:\/\/sientetupasion.com\/index.php\/wp-json\/wp\/v2\/media\/14367"}],"wp:attachment":[{"href":"https:\/\/sientetupasion.com\/index.php\/wp-json\/wp\/v2\/media?parent=14366"}],"wp:term":[{"taxonomy":"category","embeddable":true,"href":"https:\/\/sientetupasion.com\/index.php\/wp-json\/wp\/v2\/categories?post=14366"},{"taxonomy":"post_tag","embeddable":true,"href":"https:\/\/sientetupasion.com\/index.php\/wp-json\/wp\/v2\/tags?post=14366"}],"curies":[{"name":"wp","href":"https:\/\/api.w.org\/{rel}","templated":true}]}}