{"id":14343,"date":"2025-07-12T12:48:37","date_gmt":"2025-07-12T18:48:37","guid":{"rendered":"https:\/\/sientetupasion.com\/?p=14343"},"modified":"2025-07-12T12:48:37","modified_gmt":"2025-07-12T18:48:37","slug":"presenta-noemi-luna-iniciativa-para-contener-creciente-informalidad-laboral-casi-33-millones-y-sus-familias-subsisten-bajo-esa-condicion","status":"publish","type":"post","link":"https:\/\/sientetupasion.com\/index.php\/2025\/07\/12\/presenta-noemi-luna-iniciativa-para-contener-creciente-informalidad-laboral-casi-33-millones-y-sus-familias-subsisten-bajo-esa-condicion\/","title":{"rendered":"*PRESENTA NOEM\u00cd LUNA INICIATIVA PARA CONTENER CRECIENTE INFORMALIDAD LABORAL: CASI 33 MILLONES Y SUS FAMILIAS SUBSISTEN BAJO ESA CONDICI\u00d3N"},"content":{"rendered":"<p>*<\/p>\n<p>\u2022\tEl problema aumenta en el actual gobierno. Ascendi\u00f3 a 32.8 millones, la poblaci\u00f3n ocupada en condiciones de informalidad, lo cual equivale al 55.2% del total de trabajadores del pa\u00eds<br \/>\n\u2022\tSin incentivos, apoyos, ni acceso a cr\u00e9ditos favorables, Micro, Peque\u00f1as y Medianas Empresas migran a la informalidad, y dejan de contribuir econ\u00f3mica y laboralmente en deterioro de las finanzas y el desarrollo nacional<br \/>\n\u2022\tSe propone dise\u00f1ar estrategias que promuevan programas de beneficios, incentivos y apoyos financieros<br \/>\n\u2022\tIndispensables las pol\u00edticas p\u00fablicas de simplificaci\u00f3n administrativa para que, quienes se encuentran en la informalidad, se incorporen al sistema tributario y laboral<\/p>\n<p>Con la advertencia de que el problema de la informalidad laboral crece preocupantemente en M\u00e9xico y afecta no solo el nivel de vida de nuestros compatriotas, sino tambi\u00e9n las finanzas nacionales, Noem\u00ed Luna Ayala, Vicecoordinadora General del Grupo Parlamentario del Partido Acci\u00f3n Nacional en la C\u00e1mara de Diputados, present\u00f3 una \u201cIniciativa para Impulsar el Incremento Sostenido de la Productividad y Competitividad de la Econom\u00eda Nacional\u201d en beneficio de unas 33 millones de personas que, actualmente, dependen de actividades de sobrevivencia. <\/p>\n<p>De acuerdo con la Diputada por Zacatecas, deben ser dise\u00f1adas estrategias que promuevan programas de beneficios, incentivos y apoyos financieros, as\u00ed como pol\u00edticas p\u00fablicas de simplificaci\u00f3n administrativa; mecanismos de simplificaci\u00f3n administrativa y t\u00e1cticas de inclusi\u00f3n para la formalizaci\u00f3n laboral y de empresas, que favorezcan la incorporaci\u00f3n de los entes econ\u00f3micos informales al sistema tributario y laboral. <\/p>\n<p>Noem\u00ed Luna dijo que, para atender la problem\u00e1tica, resulta indispensable actualizar el marco jur\u00eddico vigente para establecer mecanismos m\u00e1s directos y claros que permitan fomentar la inclusi\u00f3n a la formalidad productiva y fiscal de estos sectores.<\/p>\n<p>Coment\u00f3 que la Ley para Impulsar el Incremento Sostenido de la Productividad y la Competitividad de la Econom\u00eda Nacional, reconoce la importancia de generar condiciones que favorezcan el aumento sostenido de los entes econ\u00f3micos; pero no tiene disposiciones espec\u00edficas para articular pol\u00edticas de inclusi\u00f3n de negocios informales al sistema tributario y laboral, lo cual limita el impacto de ese marco normativo para responder a la informalidad como uno de los principales retos estructurales del pa\u00eds.<\/p>\n<p>Frente a este contexto, la legisladora propone adicionar una fracci\u00f3n XV del art\u00edculo 3; incisos g) de la fracci\u00f3n II y f) de la fracci\u00f3n III del art\u00edculo 8; reformas a los incisos c) y e) de la fracci\u00f3n I del art\u00edculo 8 de la Ley arriba citada para especificar los programas de beneficios, incentivos, apoyos y pol\u00edticas de simplificaci\u00f3n e inclusi\u00f3n ya mencionados.<\/p>\n<p>C\u00cdRCULO QUE FRENA DESARROLLO NACIONAL Y DE MILLONES SIN SERVICIOS DE SALUD NI AHORRO PARA EL RETIRO<\/p>\n<p>\u201cLa informalidad genera un c\u00edrculo vicioso que impacta de manera negativa tanto en la esfera individual como en el desarrollo econ\u00f3mico nacional, pues se traduce en la existencia de millones de personas sin acceso a prestaciones b\u00e1sicas de salud, sin posibilidad de cotizar en sistemas de ahorro para el retiro y sin mecanismos de protecci\u00f3n ante accidentes o fluctuaciones del ingreso\u201d, alert\u00f3 la legisladora federal.<\/p>\n<p>\u201cLimita el desarrollo productivo, reduce la capacidad recaudatoria del Estado y genera condiciones de desigualdad persistente que afectan -de manera directa- la calidad de vida de millones de trabajadores y microempresarios\u201d, expuso.<\/p>\n<p>De acuerdo con Luna Ayala, en los primeros meses de 2025, se dio un repunte en la informalidad laboral, \u201clo que evidencia que las estrategias actuales no han sido suficientes para revertir esta tendencia\u201d. Y los sectores m\u00e1s afectados por la informalidad son el comercio al por menor, la agricultura y servicios diversos que concentran las actividades econ\u00f3micas con menores niveles de ingreso, productividad y acceso a la seguridad social. <\/p>\n<p>\u201cLa modernizaci\u00f3n del aparato productivo requiere un compromiso serio con la inclusi\u00f3n y el fortalecimiento de las capacidades de quienes hoy sostienen su actividad econ\u00f3mica en condiciones de precariedad y falta de certidumbre jur\u00eddica\u201d, enfatiz\u00f3.<\/p>\n<p>\u201cCifras del INEGI indican que la poblaci\u00f3n ocupada en condiciones de informalidad ascendi\u00f3 a 32.8 millones de personas, lo que equivale al 55.2 por ciento del total de trabajadores del pa\u00eds, consolid\u00e1ndose como una problem\u00e1tica que trasciende coyunturas pol\u00edticas y econ\u00f3micas, y requiere de atenci\u00f3n prioritaria mediante pol\u00edticas p\u00fablicas transversales que incentiven su inclusi\u00f3n a la formalidad y al sistema tributario\u201d, destac\u00f3.<\/p>\n<p>\u201cEspecialistas coinciden en que la pol\u00edtica p\u00fablica necesita un redise\u00f1o que combine la simplificaci\u00f3n administrativa con incentivos fiscales y apoyos financieros, de modo que la formalizaci\u00f3n se convierta en un proceso atractivo y viable para los micro, peque\u00f1os y medianos negocios, as\u00ed como para los trabajadores independientes\u201d y lograr un M\u00e9xico m\u00e1s igualitario, no de retrocesos como el que estamos padeciendo, concluy\u00f3.<\/p>\n<p>#SoyResistencia<\/p>\n<p>oooOooo<\/p>\n","protected":false},"excerpt":{"rendered":"<p>* \u2022 El problema aumenta en el actual gobierno. Ascendi\u00f3 a 32.8 millones, la poblaci\u00f3n ocupada en condiciones de informalidad, lo cual equivale al 55.2% del<span class=\"excerpt-hellip\"> [\u2026]<\/span><\/p>\n","protected":false},"author":2,"featured_media":14344,"comment_status":"open","ping_status":"open","sticky":false,"template":"","format":"standard","meta":{"footnotes":""},"categories":[8],"tags":[],"class_list":["post-14343","post","type-post","status-publish","format-standard","has-post-thumbnail","hentry","category-politica"],"_links":{"self":[{"href":"https:\/\/sientetupasion.com\/index.php\/wp-json\/wp\/v2\/posts\/14343","targetHints":{"allow":["GET"]}}],"collection":[{"href":"https:\/\/sientetupasion.com\/index.php\/wp-json\/wp\/v2\/posts"}],"about":[{"href":"https:\/\/sientetupasion.com\/index.php\/wp-json\/wp\/v2\/types\/post"}],"author":[{"embeddable":true,"href":"https:\/\/sientetupasion.com\/index.php\/wp-json\/wp\/v2\/users\/2"}],"replies":[{"embeddable":true,"href":"https:\/\/sientetupasion.com\/index.php\/wp-json\/wp\/v2\/comments?post=14343"}],"version-history":[{"count":1,"href":"https:\/\/sientetupasion.com\/index.php\/wp-json\/wp\/v2\/posts\/14343\/revisions"}],"predecessor-version":[{"id":14345,"href":"https:\/\/sientetupasion.com\/index.php\/wp-json\/wp\/v2\/posts\/14343\/revisions\/14345"}],"wp:featuredmedia":[{"embeddable":true,"href":"https:\/\/sientetupasion.com\/index.php\/wp-json\/wp\/v2\/media\/14344"}],"wp:attachment":[{"href":"https:\/\/sientetupasion.com\/index.php\/wp-json\/wp\/v2\/media?parent=14343"}],"wp:term":[{"taxonomy":"category","embeddable":true,"href":"https:\/\/sientetupasion.com\/index.php\/wp-json\/wp\/v2\/categories?post=14343"},{"taxonomy":"post_tag","embeddable":true,"href":"https:\/\/sientetupasion.com\/index.php\/wp-json\/wp\/v2\/tags?post=14343"}],"curies":[{"name":"wp","href":"https:\/\/api.w.org\/{rel}","templated":true}]}}