{"id":13919,"date":"2025-07-09T07:11:18","date_gmt":"2025-07-09T13:11:18","guid":{"rendered":"https:\/\/sientetupasion.com\/?p=13919"},"modified":"2025-07-09T07:11:18","modified_gmt":"2025-07-09T13:11:18","slug":"presenta-el-cen-del-pri-a-sus-cuadros-mas-fuertes-para-el-2027","status":"publish","type":"post","link":"https:\/\/sientetupasion.com\/index.php\/2025\/07\/09\/presenta-el-cen-del-pri-a-sus-cuadros-mas-fuertes-para-el-2027\/","title":{"rendered":"*PRESENTA EL CEN DEL PRI A SUS CUADROS M\u00c1S FUERTES PARA EL 2027"},"content":{"rendered":"<p>\u2022 *En voz del Delegado General del CEN, Jos\u00e9 Marco Antonio Olvera Acevedo, el PRI estar\u00e1 abierto a nuevos prospectos que quieran construir partido y participar en el proceso electoral.*<br \/>\n\u2022 *Las recientes leyes aprobadas por Morena son piezas de una maquinaria de control pol\u00edtico y social: Carlos Pe\u00f1a Badillo.*<br \/>\n\u2022 *Concluye sus estudios la primera generaci\u00f3n de la Prepa PRI con alumnos de Concepci\u00f3n del Oro, Jerez, Juan Aldama y Sa\u00edn Alto.*<\/p>\n<p>Por su experiencia, trayectoria, capacidad personal, oficio pol\u00edtico, lealtad al partido y conocimiento de los problemas y retos del Estado, Claudia Anaya Mota, Fuensanta Guerrero Esquivel, Adolfo Bonilla G\u00f3mez y Carlos Pe\u00f1a Badillo, son considerados cuadros valiosos del PRI para encabezar la candidatura rumbo al proceso electoral del 2027, as\u00ed lo dio a conocer el Delegado General del CEN, Jos\u00e9 Marco Antonio Olvera Acevedo.<\/p>\n<p>Luego de destacar que de acuerdo a una evaluaci\u00f3n realizada por el Comit\u00e9 Ejecutivo Nacional, en la que todos ellos re\u00fanen el perfil necesario para encabezar la candidatura a la gubernatura, Olvera Acevedo les pidi\u00f3 trabajar al interior del partido construyendo, apoy\u00e1ndose y fortaleciendo a las estructuras, a quienes deber\u00e1n presentar sus propuestas. <\/p>\n<p>Asimismo los convoc\u00f3 a apegarse a las normas electorales y evitar riesgos para ser sancionados, as\u00ed como a ejercer su capacidad de liderazgo y comprometer a sus simpatizantes con el partido, evitando fracturas internas, para cuando se tome la decisi\u00f3n de qui\u00e9n abandere la candidatura, se sumen al proyecto independientemente si lo encabezan o no. La unidad interna es el primer paso para lograr el triunfo electoral, indic\u00f3.<\/p>\n<p>Olvera Acevedo puntualiz\u00f3 que la evaluaci\u00f3n tiene un contenido incluyente, donde cualquier otro aspirante que quiera ser considerado, puede manifestarlo al PRI nacional y estatal.<\/p>\n<p>Adem\u00e1s manifest\u00f3 su rechazo al uso indebido de recursos p\u00fablicos en beneficio de proyectos personales, porque es un delito electoral.<\/p>\n<p>*Reformas aprobadas por Morena*<\/p>\n<p>En su intervenci\u00f3n, el Presidente del Comit\u00e9 Directivo Estatal (CDE) del PRI, Carlos Pe\u00f1a Badillo enfatiz\u00f3 que las recientes leyes aprobadas por Morena son piezas de una maquinaria de control pol\u00edtico y social y un modelo autoritario disfrazado de pol\u00edtica p\u00fablica.<\/p>\n<p>En conferencia de prensa subray\u00f3 que Morena aprob\u00f3 las Leyes de Telecomunicaciones y Radiodifusi\u00f3n, Guardia Nacional, Sistema Nacional de Seguridad P\u00fablica, Sistema Nacional de Inteligencia, Antilavado, la Ley General de Poblaci\u00f3n y la Ley para Eliminar Tr\u00e1mites Burocr\u00e1ticos, con el \u00fanico objeto de tener una vigilancia total, un control de datos, censurar voces y cr\u00edticas, y militarizaci\u00f3n de la seguridad. <\/p>\n<p>En este sentido, Pe\u00f1a Badillo mencion\u00f3 que el PRI es la voz que m\u00e1s resuena de la oposici\u00f3n y Morena solo est\u00e1 utilizando la democracia para destruir la democracia. Por ello, mencion\u00f3 que si reformas como estas se quieren tocar en Zacatecas, la Fracci\u00f3n Parlamentaria del partido en la LXV Legislatura dir\u00e1 que no. <\/p>\n<p>*Prepa PRI*<\/p>\n<p>El dirigente estatal del PRI, Carlos Pe\u00f1a Badillo inform\u00f3 que la primera generaci\u00f3n de la Prepa PRI est\u00e1 integrada por 31 alumnos de los municipios de Concepci\u00f3n del Oro, Jerez, Juan Aldama y Sa\u00edn Alto, quienes ya concluyeron sus estudios y recibir\u00e1n su constancia de bachillerato. <\/p>\n<p>Adem\u00e1s detall\u00f3 que la pr\u00f3xima generaci\u00f3n de la Prepa PRI iniciar\u00e1 clases el pr\u00f3ximo 16 de agosto, por lo que hizo extensiva la invitaci\u00f3n a los interesados para acercarse a su Comit\u00e9 Directivo Municipal para mayores informes. <\/p>\n<p>&#8212;000&#8212;<\/p>\n","protected":false},"excerpt":{"rendered":"<p>\u2022 *En voz del Delegado General del CEN, Jos\u00e9 Marco Antonio Olvera Acevedo, el PRI estar\u00e1 abierto a nuevos prospectos que quieran construir partido y participar<span class=\"excerpt-hellip\"> [\u2026]<\/span><\/p>\n","protected":false},"author":2,"featured_media":13920,"comment_status":"open","ping_status":"open","sticky":false,"template":"","format":"standard","meta":{"footnotes":""},"categories":[8],"tags":[],"class_list":["post-13919","post","type-post","status-publish","format-standard","has-post-thumbnail","hentry","category-politica"],"_links":{"self":[{"href":"https:\/\/sientetupasion.com\/index.php\/wp-json\/wp\/v2\/posts\/13919","targetHints":{"allow":["GET"]}}],"collection":[{"href":"https:\/\/sientetupasion.com\/index.php\/wp-json\/wp\/v2\/posts"}],"about":[{"href":"https:\/\/sientetupasion.com\/index.php\/wp-json\/wp\/v2\/types\/post"}],"author":[{"embeddable":true,"href":"https:\/\/sientetupasion.com\/index.php\/wp-json\/wp\/v2\/users\/2"}],"replies":[{"embeddable":true,"href":"https:\/\/sientetupasion.com\/index.php\/wp-json\/wp\/v2\/comments?post=13919"}],"version-history":[{"count":1,"href":"https:\/\/sientetupasion.com\/index.php\/wp-json\/wp\/v2\/posts\/13919\/revisions"}],"predecessor-version":[{"id":13921,"href":"https:\/\/sientetupasion.com\/index.php\/wp-json\/wp\/v2\/posts\/13919\/revisions\/13921"}],"wp:featuredmedia":[{"embeddable":true,"href":"https:\/\/sientetupasion.com\/index.php\/wp-json\/wp\/v2\/media\/13920"}],"wp:attachment":[{"href":"https:\/\/sientetupasion.com\/index.php\/wp-json\/wp\/v2\/media?parent=13919"}],"wp:term":[{"taxonomy":"category","embeddable":true,"href":"https:\/\/sientetupasion.com\/index.php\/wp-json\/wp\/v2\/categories?post=13919"},{"taxonomy":"post_tag","embeddable":true,"href":"https:\/\/sientetupasion.com\/index.php\/wp-json\/wp\/v2\/tags?post=13919"}],"curies":[{"name":"wp","href":"https:\/\/api.w.org\/{rel}","templated":true}]}}