{"id":139,"date":"2024-08-06T20:41:45","date_gmt":"2024-08-06T20:41:45","guid":{"rendered":"https:\/\/sientetupasion.com\/?p=139"},"modified":"2024-08-06T20:41:57","modified_gmt":"2024-08-06T20:41:57","slug":"realizan-foro-para-analizar-la-reforma-al-poder-judicial","status":"publish","type":"post","link":"https:\/\/sientetupasion.com\/index.php\/2024\/08\/06\/realizan-foro-para-analizar-la-reforma-al-poder-judicial\/","title":{"rendered":"Realizan foro para analizar la reforma al Poder Judicial"},"content":{"rendered":"<p class=\"ljz_coauthors\">Por:\u00a0<i><strong>ALEJANDRA CABRAL \u2022<\/strong><\/i><\/p>\n<div class=\" \">\n<p class=\"p1\">Como parte de los Di\u00e1logos Nacionales para la Reforma del Poder Judicial de la Federaci\u00f3n, organizado por el diputado federal electo Ulises Mej\u00eda Haro, en colaboraci\u00f3n con la Secretar\u00eda de Gobierno, se llev\u00f3 a cabo un foro de discusi\u00f3n cuya versi\u00f3n estenogr\u00e1fica se entregar\u00e1 al Congreso de la Uni\u00f3n para sumar a los di\u00e1logos que han tenido lugar en toda la rep\u00fablica.<\/p>\n<p class=\"p1\">En la primera parte del foro, la participaci\u00f3n de ocho ponentes deline\u00f3 una discusi\u00f3n fuertemente centrada en la propuesta de elecci\u00f3n por voto popular de ministros, magistrados y jueces; en esta parte, el ponente Gerardo Espinoza Sol\u00eds llam\u00f3 la atenci\u00f3n de que despu\u00e9s de cinco intervenciones, los discursos no hab\u00edan analizado la esencia de la reforma, concentr\u00e1ndose en atacar y defender una parte de la iniciativa.<\/p>\n<p class=\"p1\">La obligaci\u00f3n de resolver en seis meses los asuntos en materia fiscal, y a m\u00e1s tardar en un a\u00f1o para asuntos penales, fue uno de los puntos de la reforma que destac\u00f3 Espinoza Sol\u00eds, qui\u00e9n tambi\u00e9n mencion\u00f3 que la extinci\u00f3n de fideicomisos y fondos que se manejan a discreci\u00f3n en el Poder Judicial es una cuesti\u00f3n elemental en materia de transparencia y para garantizar un manejo responsable de los fondos p\u00fablicos.<\/p>\n<p class=\"p1\">Dentro de las preguntas de asistentes al foro, Raymundo C\u00e1rdenas Hern\u00e1ndez llam\u00f3 la atenci\u00f3n sobre el hecho de que el presidente L\u00f3pez Obrador no planteara esta reforma al principio de su sexenio, sino hasta el final -despu\u00e9s de haber sufrido embates pol\u00edticos por parte de actores del Poder Judicial-, C\u00e1rdenas puso como ejemplo la oposici\u00f3n a la Ley del servicio el\u00e9ctrico, y la convocatoria de Norma Pi\u00f1a a magistrados para \u00abdarle palo a la candidatura de Claudia Sheinbaum\u00bb, reuni\u00e9ndolos con Alito Moreno, dirigente del PRI.<\/p>\n<p class=\"p1\">A ra\u00edz de este comentario se mencion\u00f3 que tambi\u00e9n en el Poder Judicial local el proceso de designaci\u00f3n de algunos magistrados ha sido \u201cpol\u00edtico\u201d; siendo la mayor\u00eda de jueces y trabajadores de menor rango, destacados servidores p\u00fablicos que atienden una sobrecarga de trabajo con una gran limitaci\u00f3n de recursos.<\/p>\n<p class=\"p1\">Carlos Villegas M\u00e1rquez, presidente del Tribunal Superior de Justicia, coment\u00f3 que el Poder Judicial de Zacatecas ha sido calificado por el\u00a0<i>World Justice Program<\/i>, en segundo lugar a nivel nacional por su desempe\u00f1o en asuntos de materia civil y penal; adem\u00e1s enfatiz\u00f3 que lo que se gasta en los foros de discusi\u00f3n sobre el Poder Judicial deber\u00eda destinarse a fortalecerlo presupuestalmente, pues en estos foros se escuchan quejas de personas que apoyan la reforma por razones anodinas como \u00abno haber ganado ning\u00fan juicio\u00bb o no tener acceso a una magistratura.<\/p>\n<p class=\"p1\">\u00abLo que el d\u00eda de hoy se nos presenta es la posibilidad de tener un Poder Judicial de mayor envergadura\u00bb, asegurando que la Constituci\u00f3n refleje de manera m\u00e1s precisa las aspiraciones y valores de la poblaci\u00f3n, volviendo m\u00e1s transparentes sus procesos internos y fortaleciendo la confianza p\u00fablica, expuso el director de la Unidad Acad\u00e9mica de Derecho (UAZ), Ra\u00fal Federico Garc\u00eda P\u00e9rez.<\/p>\n<p class=\"p1\">Arturo L\u00f3pez de Lara, militante panista y dirigente de Coparmex hizo votos porque la reforma no se vote en septiembre y subray\u00f3 que, de aprobarse la reforma en los t\u00e9rminos actuales, se ahuyentar\u00e1 al poder econ\u00f3mico, pues los \u00abse\u00f1ores del dinero\u00bb (empresarios de cualquier escala) ya no ver\u00e1n \u201ctutelado el intercambio normado\u201d que es condici\u00f3n para la generaci\u00f3n de riqueza.<\/p>\n<p class=\"p1\">Como representante de los trabajadores el Poder Judicial de la Federaci\u00f3n, Jos\u00e9 Guadalupe M\u00e9ndez de Lira invit\u00f3 a la audiencia a brindar un aplauso a las personas que laboran en el Poder Judicial presentes en el auditorio, en lugar de aplaudir solamente al senador Ricardo Monreal.<\/p>\n<p class=\"p1\">M\u00e9ndez de Lira caracteriz\u00f3 a la iniciativa discutida como una reforma que parte de premisas inexactas y falsas, refiri\u00e9ndose a la rendici\u00f3n de cuentas del ex ministro Arturo Zald\u00edvar al final de su presidencia al frente de la SCJN, como una prueba de que el sistema de carrera judicial es exitoso y no necesita cambios; adem\u00e1s, el ponente destac\u00f3 que el colapso de los Ministerios P\u00fablicos es la raz\u00f3n de la liberaci\u00f3n de delincuentes y de la falta de impartici\u00f3n de justicia.<\/p>\n<p class=\"p1\">El l\u00edder sindical, que extendi\u00f3 su disertaci\u00f3n por veinte minutos (el doble del tiempo conferido a los ponentes), calific\u00f3 como un \u00abdiscurso barato\u00bb el argumento de la ministra Lenia Batres de que los jueces en la actualidad conceden amparos para que no se paguen impuestos, y llam\u00f3 a respetar a los constituyentes de 1917 -que en carne propia vivieron una dictadura- y rechazaron el voto popular para los ministros de la SCJN.<\/p>\n<p class=\"p1\">Al final del foro tuvieron lugar las participaciones de legisladores electos, participando Santos Gonz\u00e1lez, Eleuterio Ramos y Oscar Novella. Santos Gonz\u00e1lez destac\u00f3 los privilegios de la \u00e9lite dorada en el Poder Judicial de la Federaci\u00f3n, mencionando entre otros datos, que los ministros en retiro reciben 650 mil pesos mensuales, un mill\u00f3n de pesos en aguinaldo, entre otras prerrogativas por el resto de su vida.<span class=\"Apple-converted-space\">\u00a0<\/span><\/p>\n<p class=\"p1\">Eleuterio Ramos expuso que la elecci\u00f3n de los ministros se hace por medio de representantes populares, por lo que \u00abla poblaci\u00f3n mexicana est\u00e1 debidamente interviniendo en su elecci\u00f3n\u201d a trav\u00e9s de los legisladores; lo cual es una ventaja al no contar la mayor\u00eda de la poblaci\u00f3n con el \u00abconocimiento m\u00ednimo necesario para elegir al m\u00e1s apto y capaz\u00bb para una posici\u00f3n de juez, ministro y magistrado. Ramos Leal tambi\u00e9n manifest\u00f3 que el no dotar a los candidatos al Poder Judicial de un presupuesto para hacer campa\u00f1a pol\u00edtica, es otro fallo de esta iniciativa, refiri\u00e9ndose a su experiencia como pol\u00edtico que conoce lo que implica una campa\u00f1a electoral.<\/p>\n<p class=\"p1\">El foro fue inaugurado con las participaciones de la diputada de la 64 Legislatura local, Maribel Galv\u00e1n Jim\u00e9nez, del senador Ricardo Monreal, de Rodrigo Reyes, secretario de Gobierno; y de Eduardo Ram\u00edrez Aguilar, gobernador electo del estado de Chiapas.<\/p>\n<\/div>\n","protected":false},"excerpt":{"rendered":"<p>Por:\u00a0ALEJANDRA CABRAL \u2022 Como parte de los Di\u00e1logos Nacionales para la Reforma del Poder Judicial de la Federaci\u00f3n, organizado por el diputado federal electo Ulises Mej\u00eda<span class=\"excerpt-hellip\"> [\u2026]<\/span><\/p>\n","protected":false},"author":5,"featured_media":134,"comment_status":"open","ping_status":"open","sticky":false,"template":"","format":"standard","meta":{"footnotes":""},"categories":[7,8],"tags":[],"class_list":["post-139","post","type-post","status-publish","format-standard","has-post-thumbnail","hentry","category-nacionales","category-politica"],"_links":{"self":[{"href":"https:\/\/sientetupasion.com\/index.php\/wp-json\/wp\/v2\/posts\/139","targetHints":{"allow":["GET"]}}],"collection":[{"href":"https:\/\/sientetupasion.com\/index.php\/wp-json\/wp\/v2\/posts"}],"about":[{"href":"https:\/\/sientetupasion.com\/index.php\/wp-json\/wp\/v2\/types\/post"}],"author":[{"embeddable":true,"href":"https:\/\/sientetupasion.com\/index.php\/wp-json\/wp\/v2\/users\/5"}],"replies":[{"embeddable":true,"href":"https:\/\/sientetupasion.com\/index.php\/wp-json\/wp\/v2\/comments?post=139"}],"version-history":[{"count":1,"href":"https:\/\/sientetupasion.com\/index.php\/wp-json\/wp\/v2\/posts\/139\/revisions"}],"predecessor-version":[{"id":140,"href":"https:\/\/sientetupasion.com\/index.php\/wp-json\/wp\/v2\/posts\/139\/revisions\/140"}],"wp:featuredmedia":[{"embeddable":true,"href":"https:\/\/sientetupasion.com\/index.php\/wp-json\/wp\/v2\/media\/134"}],"wp:attachment":[{"href":"https:\/\/sientetupasion.com\/index.php\/wp-json\/wp\/v2\/media?parent=139"}],"wp:term":[{"taxonomy":"category","embeddable":true,"href":"https:\/\/sientetupasion.com\/index.php\/wp-json\/wp\/v2\/categories?post=139"},{"taxonomy":"post_tag","embeddable":true,"href":"https:\/\/sientetupasion.com\/index.php\/wp-json\/wp\/v2\/tags?post=139"}],"curies":[{"name":"wp","href":"https:\/\/api.w.org\/{rel}","templated":true}]}}