{"id":13578,"date":"2025-07-02T11:03:51","date_gmt":"2025-07-02T17:03:51","guid":{"rendered":"https:\/\/sientetupasion.com\/?p=13578"},"modified":"2025-07-02T11:03:51","modified_gmt":"2025-07-02T17:03:51","slug":"nueva-ley-de-telecomunicaciones-y-radiodifusion-de-morena-es-regresiva-lamenta-gppri","status":"publish","type":"post","link":"https:\/\/sientetupasion.com\/index.php\/2025\/07\/02\/nueva-ley-de-telecomunicaciones-y-radiodifusion-de-morena-es-regresiva-lamenta-gppri\/","title":{"rendered":"NUEVA LEY DE TELECOMUNICACIONES Y RADIODIFUSI\u00d3N DE MORENA ES REGRESIVA, LAMENTA GPPRI"},"content":{"rendered":"<p>\u2022\tFuensanta Guerrero rechaza la aprobaci\u00f3n que se dio en la C\u00e1mara de Diputados por mayoriteo artificial del oficialismo<br \/>\n\u2022\tVaticina problemas por la \u201cLey Censura\u201d que da todos los poderes al Ejecutivo<\/p>\n<p>La nueva Ley de Telecomunicaci\u00f3n y Radiodifusi\u00f3n aprobada por mayoriteo artificial del oficialismo es regresiva, concentra poderes en el Ejecutivo y viola derechos humanos y tratados, dijo la Legisladora Fuensanta Guerrero.<\/p>\n<p>Vaticin\u00f3 que al entrar en vigor la \u201cLey Censura\u201d traer\u00e1 graves problemas, pues el Ejecutivo tiene el \u201ccontrol total sobre el espectro radioel\u00e9ctrico, la supervisi\u00f3n de medios y la vigilancia del contenido\u201d.<\/p>\n<p>A nombre del PRI present\u00f3 una moci\u00f3n suspensiva para detener en la C\u00e1mara de Diputados el an\u00e1lisis de la iniciativa presidencial, para no ser c\u00f3mplices de \u201cuna ley ilegal, ileg\u00edtima y profundamente regresiva\u201d.<\/p>\n<p>Desde la tribuna, la Secretaria de la Mesa Directiva enfatiz\u00f3 que la propuesta de la Presidenta Claudia Sheinbaum le permite al Ejecutivo legislar, regular, fiscalizar y sancionar; es decir, \u201cser juez y parte\u201d.<\/p>\n<p>La fracci\u00f3n del PRI vot\u00f3 en contra del proyecto de decreto que abroga la ley actual, elimina al Instituto Federal de Telecomunicaciones (IFT) y concentra funciones en la nueva Agencia Digital del Estado Mexicano. <\/p>\n<p>La Agencia Digital contraviene la Constituci\u00f3n y Ley Org\u00e1nica de la Administraci\u00f3n P\u00fablica Federal por depender del Ejecutivo, emitir lineamientos generales y tener funciones que corresponden al Legislativo, concluy\u00f3.<\/p>\n<p>-oo-0-oo-<\/p>\n","protected":false},"excerpt":{"rendered":"<p>\u2022 Fuensanta Guerrero rechaza la aprobaci\u00f3n que se dio en la C\u00e1mara de Diputados por mayoriteo artificial del oficialismo \u2022 Vaticina problemas por la \u201cLey Censura\u201d<span class=\"excerpt-hellip\"> [\u2026]<\/span><\/p>\n","protected":false},"author":2,"featured_media":13579,"comment_status":"open","ping_status":"open","sticky":false,"template":"","format":"standard","meta":{"footnotes":""},"categories":[8],"tags":[],"class_list":["post-13578","post","type-post","status-publish","format-standard","has-post-thumbnail","hentry","category-politica"],"_links":{"self":[{"href":"https:\/\/sientetupasion.com\/index.php\/wp-json\/wp\/v2\/posts\/13578","targetHints":{"allow":["GET"]}}],"collection":[{"href":"https:\/\/sientetupasion.com\/index.php\/wp-json\/wp\/v2\/posts"}],"about":[{"href":"https:\/\/sientetupasion.com\/index.php\/wp-json\/wp\/v2\/types\/post"}],"author":[{"embeddable":true,"href":"https:\/\/sientetupasion.com\/index.php\/wp-json\/wp\/v2\/users\/2"}],"replies":[{"embeddable":true,"href":"https:\/\/sientetupasion.com\/index.php\/wp-json\/wp\/v2\/comments?post=13578"}],"version-history":[{"count":1,"href":"https:\/\/sientetupasion.com\/index.php\/wp-json\/wp\/v2\/posts\/13578\/revisions"}],"predecessor-version":[{"id":13580,"href":"https:\/\/sientetupasion.com\/index.php\/wp-json\/wp\/v2\/posts\/13578\/revisions\/13580"}],"wp:featuredmedia":[{"embeddable":true,"href":"https:\/\/sientetupasion.com\/index.php\/wp-json\/wp\/v2\/media\/13579"}],"wp:attachment":[{"href":"https:\/\/sientetupasion.com\/index.php\/wp-json\/wp\/v2\/media?parent=13578"}],"wp:term":[{"taxonomy":"category","embeddable":true,"href":"https:\/\/sientetupasion.com\/index.php\/wp-json\/wp\/v2\/categories?post=13578"},{"taxonomy":"post_tag","embeddable":true,"href":"https:\/\/sientetupasion.com\/index.php\/wp-json\/wp\/v2\/tags?post=13578"}],"curies":[{"name":"wp","href":"https:\/\/api.w.org\/{rel}","templated":true}]}}