{"id":13107,"date":"2025-06-23T19:46:23","date_gmt":"2025-06-24T01:46:23","guid":{"rendered":"https:\/\/sientetupasion.com\/?p=13107"},"modified":"2025-06-23T19:46:24","modified_gmt":"2025-06-24T01:46:24","slug":"ulises-mejia-iniciamos-periodo-extraordinario-del-congreso-de-la-union","status":"publish","type":"post","link":"https:\/\/sientetupasion.com\/index.php\/2025\/06\/23\/ulises-mejia-iniciamos-periodo-extraordinario-del-congreso-de-la-union\/","title":{"rendered":"ULISES MEJ\u00cdA: INICIAMOS PERIODO EXTRAORDINARIO DEL CONGRESO DE LA UNI\u00d3N"},"content":{"rendered":"<p>Ciudad de M\u00e9xico, a 23 de junio de 2025.\u2013<br \/>\nEste lunes dieron comienzo los trabajos del periodo extraordinario de sesiones en el Congreso de la Uni\u00f3n, en el cual las C\u00e1maras de Diputados y de Senadores atender\u00e1n m\u00e1s de 20 iniciativas de reforma consideradas prioritarias para fortalecer el marco institucional, la seguridad p\u00fablica y los derechos sociales en el pa\u00eds.<\/p>\n<p>Entre los temas de mayor relevancia destaca el dictamen que expide la Ley del Sistema Nacional de Investigaci\u00f3n e Inteligencia en Materia de Seguridad P\u00fablica. Impulsada por la Presidencia de la Rep\u00fablica y respaldada por legisladores del Grupo Parlamentario de Morena, esta nueva norma busca profesionalizar, modernizar y coordinar los esfuerzos de seguridad p\u00fablica, privilegiando la prevenci\u00f3n del delito, el combate al crimen organizado y el respeto a los derechos humanos.<\/p>\n<p>El diputado federal Ulises Mej\u00eda Haro, integrante de la LXVI Legislatura, subray\u00f3 que \u201cel uso estrat\u00e9gico de la inteligencia permitir\u00e1 anticipar riesgos y asegurar acciones preventivas efectivas. Con esta ley se articular\u00e1n los tres niveles de gobierno, se proteger\u00e1n los datos personales y se dignificar\u00e1 la labor de las corporaciones de seguridad, garantizando paz y justicia en todo el territorio nacional, iniciativa de nuestra presidenta Claudia Sheinbaum que votaremos a favor\u201d.<br \/>\nAdem\u00e1s, resalt\u00f3 que \u201cmantenernos activos durante este periodo extraordinario es una muestra clara del compromiso que tenemos como representantes populares para responder a las necesidades del pa\u00eds con prontitud, responsabilidad y visi\u00f3n de Estado. M\u00e9xico no puede esperar y por eso seguimos legislando por la esperanza\u201d.<\/p>\n<p>Adem\u00e1s de la ley en materia de inteligencia y seguridad p\u00fablica, el Pleno discutir\u00e1 reformas a los siguientes ordenamientos, entre otros:<br \/>\n\t\u2022\tLey General de Vida Silvestre<br \/>\n\t\u2022\tLey de los Impuestos Generales de Importaci\u00f3n y de Exportaci\u00f3n<br \/>\n\t\u2022\tLey Federal para la Prevenci\u00f3n e Identificaci\u00f3n de Operaciones con Recursos de Procedencia Il\u00edcita<br \/>\n\t\u2022\tLey del Seguro Social<br \/>\n\t\u2022\tLey Federal de Competencia Econ\u00f3mica<br \/>\n\t\u2022\tLey sobre el Escudo, la Bandera y el Himno Nacionales<br \/>\n\t\u2022\tLey Reglamentaria del Servicio Ferroviario<br \/>\n\t\u2022\tLey Org\u00e1nica del Congreso General de los Estados Unidos Mexicanos<br \/>\n\t\u2022\tLey General de Desarrollo Social (transferencia de funciones del Coneval al INEGI)<\/p>\n<p>Durante este mismo periodo se espera recibir y analizar iniciativas que enviar\u00e1 la presidenta de M\u00e9xico, la Dra. Claudia Sheinbaum relativos a:<br \/>\n\t\u2022\tC\u00f3digo Federal de Procedimientos Penales<br \/>\n\t\u2022\tLey Federal contra la Delincuencia Organizada<br \/>\n\t\u2022\tLey de Amparo<br \/>\n\t\u2022\tLey Federal de Procedimiento Contencioso Administrativo<br \/>\n\t\u2022\tLey General de Salud (regulaci\u00f3n de vapeadores)<\/p>\n<p>Con esta agenda legislativa, la C\u00e1mara de Diputados reafirma su compromiso de legislar por la esperanza, fortaleciendo la seguridad, la justicia social y el bienestar de todas y todos los mexicanos.<\/p>\n<p>\u2014 0 \u2014<\/p>\n","protected":false},"excerpt":{"rendered":"<p>Ciudad de M\u00e9xico, a 23 de junio de 2025.\u2013 Este lunes dieron comienzo los trabajos del periodo extraordinario de sesiones en el Congreso de la Uni\u00f3n,<span class=\"excerpt-hellip\"> [\u2026]<\/span><\/p>\n","protected":false},"author":2,"featured_media":13108,"comment_status":"open","ping_status":"open","sticky":false,"template":"","format":"standard","meta":{"footnotes":""},"categories":[8],"tags":[],"class_list":["post-13107","post","type-post","status-publish","format-standard","has-post-thumbnail","hentry","category-politica"],"_links":{"self":[{"href":"https:\/\/sientetupasion.com\/index.php\/wp-json\/wp\/v2\/posts\/13107","targetHints":{"allow":["GET"]}}],"collection":[{"href":"https:\/\/sientetupasion.com\/index.php\/wp-json\/wp\/v2\/posts"}],"about":[{"href":"https:\/\/sientetupasion.com\/index.php\/wp-json\/wp\/v2\/types\/post"}],"author":[{"embeddable":true,"href":"https:\/\/sientetupasion.com\/index.php\/wp-json\/wp\/v2\/users\/2"}],"replies":[{"embeddable":true,"href":"https:\/\/sientetupasion.com\/index.php\/wp-json\/wp\/v2\/comments?post=13107"}],"version-history":[{"count":1,"href":"https:\/\/sientetupasion.com\/index.php\/wp-json\/wp\/v2\/posts\/13107\/revisions"}],"predecessor-version":[{"id":13109,"href":"https:\/\/sientetupasion.com\/index.php\/wp-json\/wp\/v2\/posts\/13107\/revisions\/13109"}],"wp:featuredmedia":[{"embeddable":true,"href":"https:\/\/sientetupasion.com\/index.php\/wp-json\/wp\/v2\/media\/13108"}],"wp:attachment":[{"href":"https:\/\/sientetupasion.com\/index.php\/wp-json\/wp\/v2\/media?parent=13107"}],"wp:term":[{"taxonomy":"category","embeddable":true,"href":"https:\/\/sientetupasion.com\/index.php\/wp-json\/wp\/v2\/categories?post=13107"},{"taxonomy":"post_tag","embeddable":true,"href":"https:\/\/sientetupasion.com\/index.php\/wp-json\/wp\/v2\/tags?post=13107"}],"curies":[{"name":"wp","href":"https:\/\/api.w.org\/{rel}","templated":true}]}}