{"id":13095,"date":"2025-06-23T19:42:12","date_gmt":"2025-06-24T01:42:12","guid":{"rendered":"https:\/\/sientetupasion.com\/?p=13095"},"modified":"2025-06-23T19:42:12","modified_gmt":"2025-06-24T01:42:12","slug":"conmemora-gobernador-david-monreal-el-111-aniversario-de-la-toma-de-zacatecas-con-un-llamado-a-la-unidad-y-el-progreso","status":"publish","type":"post","link":"https:\/\/sientetupasion.com\/index.php\/2025\/06\/23\/conmemora-gobernador-david-monreal-el-111-aniversario-de-la-toma-de-zacatecas-con-un-llamado-a-la-unidad-y-el-progreso\/","title":{"rendered":"Conmemora Gobernador David Monreal el 111 Aniversario de la Toma de Zacatecas con un llamado a la unidad y el progreso"},"content":{"rendered":"<p>\u25aa\ufe0f  Se entrega, de manera p\u00f3stuma, la Medalla al M\u00e9rito Revolucionario al General Federico Cervantes<br \/>\n\u25aa\ufe0f  El mandatario destaca avances en seguridad y bienestar en el marco del Plan M\u00e9xico 2025<br \/>\n\u25aa\ufe0f  Convoca a zacatecanos a construir un estado de paz y justicia social<\/p>\n<p>Zacatecas, Zac., 23 de junio de 2025.- En el emblem\u00e1tico Cerro de la Bufa, donde hace 111 a\u00f1os se libr\u00f3 la batalla de la Toma de Zacatecas, \u201cque traz\u00f3 la ruta hacia la constitucionalidad y la democracia\u201d, el Gobernador David Monreal \u00c1vila, convoc\u00f3 a empresarios, campesinos, j\u00f3venes, maestros y todos los sectores a unir esfuerzos para un Zacatecas de unidad, paz, bienestar y progreso.<\/p>\n<p> \u201cZacatecas es tierra de historia, pero tambi\u00e9n de futuro; sigamos caminando juntos con convicci\u00f3n y amor hacia nuestra tierra\u201d, expres\u00f3 el mandatario en este llamado a la sociedad para construir un futuro de esperanza. <\/p>\n<p>Asimismo, el mandatario estatal entreg\u00f3 la Medalla al M\u00e9rito Revolucionario de investigaci\u00f3n hist\u00f3rica, la cual fue otorgada, de manera p\u00f3stuma, al General Carlos Federico Cervantes Mu\u00f1oz Cano, \u201cun hombre de una sola pieza, valiente en la lucha e \u00edntegro en sus principios\u201d y de quien destac\u00f3 su legado como combatiente y cronista de la batalla, con la preservaci\u00f3n de la memoria de Francisco Villa y Felipe \u00c1ngeles. El reconocimiento fue recibido por su nieto, Lauro P\u00e9rez Cervantes.<\/p>\n<p>Ante autoridades civiles y militares, estudiantes y familiares de h\u00e9roes revolucionarios, el Gobernador David Monreal \u00c1vila resalt\u00f3 la importancia de la Toma de Zacatecas, que se llev\u00f3 a cabo el 23 de junio de 1914, liderada por los generales Felipe \u00c1ngeles, Francisco Villa y P\u00e1nfilo Natera.<\/p>\n<p>\u201cFue el punto de inflexi\u00f3n m\u00e1s importante de la Revoluci\u00f3n Mexicana; se derrot\u00f3 al gobierno golpista de Victoriano Huerta y se abri\u00f3 el camino a la Constituci\u00f3n de 1917, una de las m\u00e1s modernas de su tiempo\u201d, refiri\u00f3.<\/p>\n<p>Por ello, subray\u00f3 la necesidad de aprender de la historia para evitar repetir errores, porque \u201cquien no conoce su historia est\u00e1 condenado a volverla a vivir\u201d.<\/p>\n<p>Tambi\u00e9n record\u00f3 que tras la Revoluci\u00f3n Mexicana se vivi\u00f3 un periodo neoliberal que \u201cdespoj\u00f3 de derechos y sumi\u00f3 en la pobreza a millones\u201d.<\/p>\n<p>Desde 2018, M\u00e9xico corrigi\u00f3 el rumbo con la Cuarta Transformaci\u00f3n, y en Zacatecas, desde 2021, \u201chemos asumido con convicci\u00f3n los principios de quienes ofrendaron su vida\u201d.<\/p>\n<p>Monreal \u00c1vila destac\u00f3 que honrar a los h\u00e9roes revolucionarios es \u201capostar por la paz, el bienestar y el progreso de nuestro pueblo\u201d, manteniendo vivos los ideales de justicia social, igualdad y soberan\u00eda. <\/p>\n<p>Celebr\u00f3 los logros alcanzados en 2024, que posicionaron a Zacatecas entre los 10 estados m\u00e1s seguros del pa\u00eds, \u201clas cifras delictivas contin\u00faan a la baja gracias al trabajo coordinado de la Mesa Estatal de Construcci\u00f3n de Paz, el Ej\u00e9rcito, la Guardia Nacional y la sociedad\u201d.<\/p>\n<p>La participaci\u00f3n de todos los sectores productivos y el lema \u201cel trabajo todo lo vence\u201d impulsan un estado fuerte, \u201cs\u00f3lo el pueblo puede salvar al pueblo, y gobernar es servir; por el bien de todos, primero los pobres\u201d, dijo el mandatario al citar a Ricardo Flores Mag\u00f3n. <\/p>\n<p>En el evento tambi\u00e9n estuvieron presentes estudiantes de las primarias Carlos A. Carrillo, de Calera, y Benito Ju\u00e1rez, de la capital, del Bachillerato Policial y Militarizado, y a la banda de la Quinta Regi\u00f3n Militar.<\/p>\n<p>Medalla al M\u00e9rito Revolucionario de investigaci\u00f3n hist\u00f3rica 2025<\/p>\n<p>General Carlos Federico Cervantes Mu\u00f1oz Cano, reconocido este d\u00eda con la Medalla al M\u00e9rito Revolucionario de investigaci\u00f3n hist\u00f3rica fue un\u202fmilitar\u202fmexicano\u202fque particip\u00f3 en lucha revolucionaria del siglo pasado. Naci\u00f3 el 8 de marzo de 1885 en la ciudad de\u202fOaxaca. Titulado en el Colegio Militar de\u202fChapultepec. En 1913 regres\u00f3 a\u202fM\u00e9xico\u202fy se uni\u00f3 a las fuerzas del General Francisco Villa. En la\u202fConvenci\u00f3n de Aguascalientes\u202ffue el representante del General\u202fFelipe \u00c1ngeles.<\/p>\n<p>Autor de\u202flas obras literarias Felipe \u00c1ngeles y la Revoluci\u00f3n de 1913. Biograf\u00eda (1868-1919), y del libro\u202fFrancisco Villa y la Revoluci\u00f3n. Muri\u00f3 en la\u202fCiudad de M\u00e9xico\u202fel 6 de mayo de 1966 y fue sepultado en el\u202fPante\u00f3n Jard\u00edn. <\/p>\n<p>Cabe mencionar que en el evento conmemorativo tambi\u00e9n estuvieron presentes Felipe de \u00c1vila Espinoza, director general del Instituto Nacional de Estudios Hist\u00f3ricos de las Revoluciones de M\u00e9xico; Carlos Villegas M\u00e1rquez, presidente del Tribunal Superior de Justicia del Estado; la Delegada de Programas del Bienestar, Adilene Rosales Romero; Rodrigo Reyes Mug\u00fcerza, secretario general de Gobierno; Isaac Bravo L\u00f3pez, comandante de la 11 Zona Militar; Manuel Ricardo Azamar Santiago, comandante del 5 Batall\u00f3n de la Guardia Nacional; Arturo Medina Mayoral, secretario de Seguridad P\u00fablica.<\/p>\n<p>Adem\u00e1s, Mar\u00eda de Jes\u00fas Mu\u00f1oz Reyes, directora general del Instituto Zacatecano de Cultura Ram\u00f3n L\u00f3pez Velarde; la Secretaria de Desarrollo Urbano, Vivienda y Ordenamiento Territorial, Luz Eugenia P\u00e9rez Haro; el Fiscal General de Justicia del Estado, Cristian Paul Camacho Osnaya; el Delegado de la Fiscal\u00eda General de la Rep\u00fablica, Francisco Esquivel Cruz; el Secretario T\u00e9cnico de la Mesa de Construcci\u00f3n de Paz y Seguridad en el estado, Osvaldo Cerrillo Garza; Carlos Moreno S\u00e1nchez, jefe de estaci\u00f3n del Centro Nacional de Inteligencia.<\/p>\n<p>\u2014ooOoo\u2014<\/p>\n","protected":false},"excerpt":{"rendered":"<p>\u25aa\ufe0f Se entrega, de manera p\u00f3stuma, la Medalla al M\u00e9rito Revolucionario al General Federico Cervantes \u25aa\ufe0f El mandatario destaca avances en seguridad y bienestar en el<span class=\"excerpt-hellip\"> [\u2026]<\/span><\/p>\n","protected":false},"author":2,"featured_media":13096,"comment_status":"open","ping_status":"open","sticky":false,"template":"","format":"standard","meta":{"footnotes":""},"categories":[16],"tags":[],"class_list":["post-13095","post","type-post","status-publish","format-standard","has-post-thumbnail","hentry","category-zacatecas"],"_links":{"self":[{"href":"https:\/\/sientetupasion.com\/index.php\/wp-json\/wp\/v2\/posts\/13095","targetHints":{"allow":["GET"]}}],"collection":[{"href":"https:\/\/sientetupasion.com\/index.php\/wp-json\/wp\/v2\/posts"}],"about":[{"href":"https:\/\/sientetupasion.com\/index.php\/wp-json\/wp\/v2\/types\/post"}],"author":[{"embeddable":true,"href":"https:\/\/sientetupasion.com\/index.php\/wp-json\/wp\/v2\/users\/2"}],"replies":[{"embeddable":true,"href":"https:\/\/sientetupasion.com\/index.php\/wp-json\/wp\/v2\/comments?post=13095"}],"version-history":[{"count":1,"href":"https:\/\/sientetupasion.com\/index.php\/wp-json\/wp\/v2\/posts\/13095\/revisions"}],"predecessor-version":[{"id":13097,"href":"https:\/\/sientetupasion.com\/index.php\/wp-json\/wp\/v2\/posts\/13095\/revisions\/13097"}],"wp:featuredmedia":[{"embeddable":true,"href":"https:\/\/sientetupasion.com\/index.php\/wp-json\/wp\/v2\/media\/13096"}],"wp:attachment":[{"href":"https:\/\/sientetupasion.com\/index.php\/wp-json\/wp\/v2\/media?parent=13095"}],"wp:term":[{"taxonomy":"category","embeddable":true,"href":"https:\/\/sientetupasion.com\/index.php\/wp-json\/wp\/v2\/categories?post=13095"},{"taxonomy":"post_tag","embeddable":true,"href":"https:\/\/sientetupasion.com\/index.php\/wp-json\/wp\/v2\/tags?post=13095"}],"curies":[{"name":"wp","href":"https:\/\/api.w.org\/{rel}","templated":true}]}}