{"id":12962,"date":"2025-06-21T06:11:28","date_gmt":"2025-06-21T12:11:28","guid":{"rendered":"https:\/\/sientetupasion.com\/?p=12962"},"modified":"2025-06-21T06:11:28","modified_gmt":"2025-06-21T12:11:28","slug":"zacatecas-celebrara-dos-decadas-de-inclusion-con-el-20o-festival-cultural-de-la-diversidad-sexual","status":"publish","type":"post","link":"https:\/\/sientetupasion.com\/index.php\/2025\/06\/21\/zacatecas-celebrara-dos-decadas-de-inclusion-con-el-20o-festival-cultural-de-la-diversidad-sexual\/","title":{"rendered":"Zacatecas celebrar\u00e1 dos d\u00e9cadas de inclusi\u00f3n, con el 20\u00ba Festival Cultural de la Diversidad Sexual"},"content":{"rendered":"<p>\u25aa\ufe0f  Del 30 de junio al 5 de julio, se desarrollar\u00e1 una programaci\u00f3n que reafirma su car\u00e1cter plural y su compromiso con la visibilizaci\u00f3n y la defensa de los derechos de la comunidad LGBTTTI<br \/>\n\u25aa\ufe0f  A lo largo de 20 a\u00f1os, se ha consolidado como un espacio de expresi\u00f3n art\u00edstica, al ofrecer un programa que da cabida a las artes esc\u00e9nicas, exposiciones, conferencias y presentaciones editoriales, entre otras<\/p>\n<p>Zacatecas, Zac., 20 de junio de 2025.-  Zacatecas conmemorar\u00e1 dos d\u00e9cadas de un proyecto que ha marcado pauta en el pa\u00eds en materia de inclusi\u00f3n y respeto: el Festival Cultural de la Diversidad Sexual, que este 2025 celebrar\u00e1 su vig\u00e9sima edici\u00f3n. <\/p>\n<p>El festival, organizado por el Instituto Zacatecano de Cultura (IZC) \u201cRam\u00f3n L\u00f3pez Velarde\u201d, que encabeza Mar\u00eda de Jes\u00fas Mu\u00f1oz Reyes, se llevar\u00e1 a cabo del 30 de junio al 5 de julio, con una programaci\u00f3n que reafirma su car\u00e1cter plural y su compromiso con la visibilizaci\u00f3n y la defensa de los derechos de la comunidad LGBTTTI.<\/p>\n<p>Creado en 2006 por el Colectivo Hij@s de la Luna, este festival se ha consolidado como un espacio de expresi\u00f3n art\u00edstica, di\u00e1logo y reflexi\u00f3n en torno a la diversidad sexual, al ofrecer un programa interdisciplinario que abarca artes esc\u00e9nicas, exposiciones, conferencias, mesas redondas y presentaciones editoriales.<\/p>\n<p>El festival tiene como objetivo central promover el respeto y la aceptaci\u00f3n de las distintas formas en las que las personas expresan su sexualidad, que contribuyen a la construcci\u00f3n de una sociedad libre de discriminaci\u00f3n. <\/p>\n<p>Este 2025, el festival ratifica ese compromiso con actividades que comenzar\u00e1n el 25 de junio con el tercer Taller de Artes Esc\u00e9nicas y Diversidad Sexual, impartido por Iv\u00e1n Guardado. <\/p>\n<p>La inauguraci\u00f3n oficial ser\u00e1 el 30 de junio, con las exposiciones &#8220;20 a\u00f1os de formas y colores, una mirada desde la diversidad&#8221; y &#8220;La Femme Fatal&#8221;, de Izamar Medina Ordaz, adem\u00e1s de una intervenci\u00f3n musical de SATURNDISCO (Dj Beneno) en el Centro Cultural Ciudadela del Arte. <\/p>\n<p>Esa noche cerrar\u00e1 con el montaje multidisciplinario &#8220;Sor Juana, canto a un amor inoportuno&#8221;, presentado por las Colectivas Hij@s de la Luna y Plumas Negras.<\/p>\n<p>El programa tambi\u00e9n contempla presentaciones editoriales como &#8220;Cuentos m\u00f3rbidos&#8221;, de Alejandro de Le\u00f3n; &#8220;Tu versi\u00f3n extraordinaria&#8221;, de Jacob Saha, y &#8220;La travestiada&#8221;, de Yoba\u00edn V\u00e1zquez Bail\u00f3n. <\/p>\n<p>En el apartado esc\u00e9nico destacan \u201cEl Gringo y yo\u201d, de La Ci\u00e9nega Teatro; \u201cS\u00edsifo\u2026 te doy mi coraz\u00f3n\u201d, de MoMo Teatral; \u201cLa danza de las sirenas\u201d, del grupo El Escarabajo; el estreno de \u201cLa Monstrux\u201d, a cargo de DementeNmentE Teatro; y el extraordinario trabajo unipersonal de Julia Robles, de Gu\u00eda Nocturna, \u201cOralidades Indexcentes\u201d.<\/p>\n<p>Como parte de los momentos m\u00e1s relevantes del encuentro cultural, se desarrollar\u00e1n el conversatorio &#8220;20 a\u00f1os de presencia e incidencia cultural desde la diversidad&#8221;, y la conferencia \u201cCr\u00edtica a las ideolog\u00edas sexo-gen\u00e9ricas desde el feminismol\u00e9sbico\u201d, impartida por Yan Mar\u00eda Yaoy\u00f3lolt.<\/p>\n<p>Con esta edici\u00f3n, el 20\u00ba Festival Cultural de la Diversidad Sexual reafirma su papel como un referente nacional de la cultura incluyente, donde el arte es tomado en cuenta como veh\u00edculo de transformaci\u00f3n social, respeto y libertad.<\/p>\n<p>\u2014ooOoo\u2014<\/p>\n","protected":false},"excerpt":{"rendered":"<p>\u25aa\ufe0f Del 30 de junio al 5 de julio, se desarrollar\u00e1 una programaci\u00f3n que reafirma su car\u00e1cter plural y su compromiso con la visibilizaci\u00f3n y la<span class=\"excerpt-hellip\"> [\u2026]<\/span><\/p>\n","protected":false},"author":2,"featured_media":12963,"comment_status":"open","ping_status":"open","sticky":false,"template":"","format":"standard","meta":{"footnotes":""},"categories":[16],"tags":[],"class_list":["post-12962","post","type-post","status-publish","format-standard","has-post-thumbnail","hentry","category-zacatecas"],"_links":{"self":[{"href":"https:\/\/sientetupasion.com\/index.php\/wp-json\/wp\/v2\/posts\/12962","targetHints":{"allow":["GET"]}}],"collection":[{"href":"https:\/\/sientetupasion.com\/index.php\/wp-json\/wp\/v2\/posts"}],"about":[{"href":"https:\/\/sientetupasion.com\/index.php\/wp-json\/wp\/v2\/types\/post"}],"author":[{"embeddable":true,"href":"https:\/\/sientetupasion.com\/index.php\/wp-json\/wp\/v2\/users\/2"}],"replies":[{"embeddable":true,"href":"https:\/\/sientetupasion.com\/index.php\/wp-json\/wp\/v2\/comments?post=12962"}],"version-history":[{"count":1,"href":"https:\/\/sientetupasion.com\/index.php\/wp-json\/wp\/v2\/posts\/12962\/revisions"}],"predecessor-version":[{"id":12964,"href":"https:\/\/sientetupasion.com\/index.php\/wp-json\/wp\/v2\/posts\/12962\/revisions\/12964"}],"wp:featuredmedia":[{"embeddable":true,"href":"https:\/\/sientetupasion.com\/index.php\/wp-json\/wp\/v2\/media\/12963"}],"wp:attachment":[{"href":"https:\/\/sientetupasion.com\/index.php\/wp-json\/wp\/v2\/media?parent=12962"}],"wp:term":[{"taxonomy":"category","embeddable":true,"href":"https:\/\/sientetupasion.com\/index.php\/wp-json\/wp\/v2\/categories?post=12962"},{"taxonomy":"post_tag","embeddable":true,"href":"https:\/\/sientetupasion.com\/index.php\/wp-json\/wp\/v2\/tags?post=12962"}],"curies":[{"name":"wp","href":"https:\/\/api.w.org\/{rel}","templated":true}]}}