{"id":12795,"date":"2025-06-19T19:58:08","date_gmt":"2025-06-20T01:58:08","guid":{"rendered":"https:\/\/sientetupasion.com\/?p=12795"},"modified":"2025-06-19T19:58:08","modified_gmt":"2025-06-20T01:58:08","slug":"el-senador-saul-monreal-respalda-al-sector-empresarial-zacatecano-durante-toma-de-protesta-de-canaco-servytur","status":"publish","type":"post","link":"https:\/\/sientetupasion.com\/index.php\/2025\/06\/19\/el-senador-saul-monreal-respalda-al-sector-empresarial-zacatecano-durante-toma-de-protesta-de-canaco-servytur\/","title":{"rendered":"El senador Sa\u00fal Monreal respalda al sector empresarial zacatecano durante toma de protesta de CANACO SERVYTUR"},"content":{"rendered":"<p>El senador de la Rep\u00fablica, Sa\u00fal Monreal \u00c1vila, acudi\u00f3 a la ceremonia de toma de protesta del nuevo Consejo Directivo de la C\u00e1mara Nacional de Comercio, Servicios y Turismo (CANACO SERVYTUR) Zacatecas para el periodo 2024\u20132026, evento que marca una nueva etapa de gesti\u00f3n para el sector empresarial de la entidad.<\/p>\n<p>El legislador expres\u00f3 su reconocimiento y felicitaci\u00f3n al Licenciado en Administraci\u00f3n de Empresas Jes\u00fas Gabriel L\u00f3pez del Bosque, quien asumi\u00f3 la presidencia del organismo, as\u00ed como a las y los integrantes del nuevo consejo.<\/p>\n<p>Con la presencia del Dr. Octavio de la Torre de St\u00e9ffano, presidente nacional de la CONCANACO SERVYTUR Nacional, el evento destac\u00f3 la unidad y fortaleza del sector comercial y de servicios en Zacatecas.<\/p>\n<p>El senador le reiter\u00f3 a la nueva directiva,su compromiso con la econom\u00eda local y subray\u00f3 que, desde el Senado de la Rep\u00fablica, continuar\u00e1 trabajando por una econom\u00eda m\u00e1s justa, moderna y con visi\u00f3n de futuro. \u201cReafirmamos que el sector empresarial y comercial de Zacatecas tiene rumbo y respaldo \u201d, asegur\u00f3.<\/p>\n<p>Monreal \u00c1vila reafirma su convicci\u00f3n de que el trabajo conjunto entre el sector p\u00fablico y privado es clave para generar mayores oportunidades, fortalecer el desarrollo econ\u00f3mico del estado y mejorar la calidad de vida de las y los zacatecanos.<\/p>\n","protected":false},"excerpt":{"rendered":"<p>El senador de la Rep\u00fablica, Sa\u00fal Monreal \u00c1vila, acudi\u00f3 a la ceremonia de toma de protesta del nuevo Consejo Directivo de la C\u00e1mara Nacional de Comercio,<span class=\"excerpt-hellip\"> [\u2026]<\/span><\/p>\n","protected":false},"author":2,"featured_media":12796,"comment_status":"open","ping_status":"open","sticky":false,"template":"","format":"standard","meta":{"footnotes":""},"categories":[8],"tags":[],"class_list":["post-12795","post","type-post","status-publish","format-standard","has-post-thumbnail","hentry","category-politica"],"_links":{"self":[{"href":"https:\/\/sientetupasion.com\/index.php\/wp-json\/wp\/v2\/posts\/12795","targetHints":{"allow":["GET"]}}],"collection":[{"href":"https:\/\/sientetupasion.com\/index.php\/wp-json\/wp\/v2\/posts"}],"about":[{"href":"https:\/\/sientetupasion.com\/index.php\/wp-json\/wp\/v2\/types\/post"}],"author":[{"embeddable":true,"href":"https:\/\/sientetupasion.com\/index.php\/wp-json\/wp\/v2\/users\/2"}],"replies":[{"embeddable":true,"href":"https:\/\/sientetupasion.com\/index.php\/wp-json\/wp\/v2\/comments?post=12795"}],"version-history":[{"count":1,"href":"https:\/\/sientetupasion.com\/index.php\/wp-json\/wp\/v2\/posts\/12795\/revisions"}],"predecessor-version":[{"id":12797,"href":"https:\/\/sientetupasion.com\/index.php\/wp-json\/wp\/v2\/posts\/12795\/revisions\/12797"}],"wp:featuredmedia":[{"embeddable":true,"href":"https:\/\/sientetupasion.com\/index.php\/wp-json\/wp\/v2\/media\/12796"}],"wp:attachment":[{"href":"https:\/\/sientetupasion.com\/index.php\/wp-json\/wp\/v2\/media?parent=12795"}],"wp:term":[{"taxonomy":"category","embeddable":true,"href":"https:\/\/sientetupasion.com\/index.php\/wp-json\/wp\/v2\/categories?post=12795"},{"taxonomy":"post_tag","embeddable":true,"href":"https:\/\/sientetupasion.com\/index.php\/wp-json\/wp\/v2\/tags?post=12795"}],"curies":[{"name":"wp","href":"https:\/\/api.w.org\/{rel}","templated":true}]}}