{"id":12789,"date":"2025-06-19T19:55:45","date_gmt":"2025-06-20T01:55:45","guid":{"rendered":"https:\/\/sientetupasion.com\/?p=12789"},"modified":"2025-06-19T19:55:45","modified_gmt":"2025-06-20T01:55:45","slug":"renata-avila-plantea-un-respaldo-critico-a-la-ley-de-transparencia-y-acceso-a-la-informacion-publica-advierte-riesgos-y-propone-fortalecer-el-acceso-a-la-informacion","status":"publish","type":"post","link":"https:\/\/sientetupasion.com\/index.php\/2025\/06\/19\/renata-avila-plantea-un-respaldo-critico-a-la-ley-de-transparencia-y-acceso-a-la-informacion-publica-advierte-riesgos-y-propone-fortalecer-el-acceso-a-la-informacion\/","title":{"rendered":"Renata \u00c1vila plantea un respaldo cr\u00edtico a la Ley de Transparencia y Acceso a la Informaci\u00f3n P\u00fablica. Advierte riesgos y propone fortalecer el acceso a la informaci\u00f3n"},"content":{"rendered":"<p>La diputada Renata \u00c1vila Valadez, del Grupo Parlamentario del Partido del Trabajo (PT), manifest\u00f3 su respaldo, en lo general, a la Ley de Transparencia y Acceso a la Informaci\u00f3n P\u00fablica pero subray\u00f3 la necesidad de fortalecer algunos puntos clave para evitar retrocesos democr\u00e1ticos. <\/p>\n<p>\u201cNo se trata de oponerse a todo cambio. Se trata de que los cambios no vulneren derechos ni eliminen los escasos contrapesos que nos quedan\u201d, expres\u00f3 desde tribuna.<\/p>\n<p>Este jueves, la LXV Legislatura del Estado de Zacatecas aprob\u00f3 el dictamen que expide de la Ley de Transparencia y Acceso a la Informaci\u00f3n P\u00fablica y plantea la disoluci\u00f3n del Instituto Zacatecano de Transparencia (IZAI) para dar paso a la creaci\u00f3n del organismo descentralizado \u201cTransparencia para el Pueblo\u201d.<\/p>\n<p>La legisladora present\u00f3 una reserva en lo particular mediante la cual propuso la incorporaci\u00f3n de un art\u00edculo 102 bis, con el objetivo de garantizar que la clasificaci\u00f3n de informaci\u00f3n como reservada se sujete a criterios claros, objetivos y apegados al principio de m\u00e1xima publicidad.<\/p>\n<p>\u201cLa clasificaci\u00f3n de informaci\u00f3n como reservada deber\u00e1 fundarse en criterios objetivos, proporcionales y estrictamente necesarios, conforme a los principios de legalidad, m\u00e1xima publicidad y transparencia previstos en el art\u00edculo sexto de la Constituci\u00f3n Pol\u00edtica de los Estados Unidos Mexicanos\u201d, se\u00f1al\u00f3 \u00c1vila Valadez.<\/p>\n<p>\u00c1vila Valadez justific\u00f3 su propuesta con base en jurisprudencia de la Suprema Corte de Justicia de la Naci\u00f3n y en recomendaciones internacionales: \u201cToda excepci\u00f3n al acceso a la informaci\u00f3n debe estar debidamente fundada, ser proporcional, necesaria y excepcional\u201d, cit\u00f3, en referencia a la Acci\u00f3n de Inconstitucionalidad 29\/2016. <\/p>\n<p>Adem\u00e1s, record\u00f3 que la Relator\u00eda Especial para la Libertad de Expresi\u00f3n de la CIDH ha sostenido que los \u00f3rganos de transparencia deben ser independientes del poder pol\u00edtico.<\/p>\n<p>Durante la presentaci\u00f3n de su posicionamiento ante el Pleno, la diputada Renata \u00c1vila Valadez expres\u00f3 su respaldo cr\u00edtico al dictamen, al advertir que, si bien se trata de una armonizaci\u00f3n normativa con el marco federal, esta no puede realizarse sin una reflexi\u00f3n de fondo. \u201cLo digo no solo como legisladora. Lo digo como periodista y como investigadora acad\u00e9mica. S\u00e9 lo que cuesta acceder a la informaci\u00f3n en este pa\u00eds\u201d. <\/p>\n<p>Asimismo, cuestion\u00f3 que la nueva figura denominada \u201cTransparencia para el Pueblo\u201d, creada en sustituci\u00f3n del IZAI, quede sectorizada a la Secretar\u00eda de la Funci\u00f3n P\u00fablica, pues ello compromete su autonom\u00eda e independencia. <\/p>\n<p>\u201cAunque se afirma que tendr\u00e1 autonom\u00eda t\u00e9cnica y operativa, el hecho de que est\u00e9 subordinado jer\u00e1rquicamente a una dependencia del Ejecutivo compromete su imparcialidad y su capacidad de actuar como contrapeso institucional\u201d, puntualiz\u00f3.<\/p>\n","protected":false},"excerpt":{"rendered":"<p>La diputada Renata \u00c1vila Valadez, del Grupo Parlamentario del Partido del Trabajo (PT), manifest\u00f3 su respaldo, en lo general, a la Ley de Transparencia y Acceso<span class=\"excerpt-hellip\"> [\u2026]<\/span><\/p>\n","protected":false},"author":2,"featured_media":12790,"comment_status":"open","ping_status":"open","sticky":false,"template":"","format":"standard","meta":{"footnotes":""},"categories":[8],"tags":[],"class_list":["post-12789","post","type-post","status-publish","format-standard","has-post-thumbnail","hentry","category-politica"],"_links":{"self":[{"href":"https:\/\/sientetupasion.com\/index.php\/wp-json\/wp\/v2\/posts\/12789","targetHints":{"allow":["GET"]}}],"collection":[{"href":"https:\/\/sientetupasion.com\/index.php\/wp-json\/wp\/v2\/posts"}],"about":[{"href":"https:\/\/sientetupasion.com\/index.php\/wp-json\/wp\/v2\/types\/post"}],"author":[{"embeddable":true,"href":"https:\/\/sientetupasion.com\/index.php\/wp-json\/wp\/v2\/users\/2"}],"replies":[{"embeddable":true,"href":"https:\/\/sientetupasion.com\/index.php\/wp-json\/wp\/v2\/comments?post=12789"}],"version-history":[{"count":1,"href":"https:\/\/sientetupasion.com\/index.php\/wp-json\/wp\/v2\/posts\/12789\/revisions"}],"predecessor-version":[{"id":12791,"href":"https:\/\/sientetupasion.com\/index.php\/wp-json\/wp\/v2\/posts\/12789\/revisions\/12791"}],"wp:featuredmedia":[{"embeddable":true,"href":"https:\/\/sientetupasion.com\/index.php\/wp-json\/wp\/v2\/media\/12790"}],"wp:attachment":[{"href":"https:\/\/sientetupasion.com\/index.php\/wp-json\/wp\/v2\/media?parent=12789"}],"wp:term":[{"taxonomy":"category","embeddable":true,"href":"https:\/\/sientetupasion.com\/index.php\/wp-json\/wp\/v2\/categories?post=12789"},{"taxonomy":"post_tag","embeddable":true,"href":"https:\/\/sientetupasion.com\/index.php\/wp-json\/wp\/v2\/tags?post=12789"}],"curies":[{"name":"wp","href":"https:\/\/api.w.org\/{rel}","templated":true}]}}