{"id":12768,"date":"2025-06-18T21:10:29","date_gmt":"2025-06-19T03:10:29","guid":{"rendered":"https:\/\/sientetupasion.com\/?p=12768"},"modified":"2025-06-18T21:10:29","modified_gmt":"2025-06-19T03:10:29","slug":"inician-jornadas-lopezvelardeanas-2025-con-reflexiones-memoria-y-la-vigencia-de-ramon-lopez-velarde","status":"publish","type":"post","link":"https:\/\/sientetupasion.com\/index.php\/2025\/06\/18\/inician-jornadas-lopezvelardeanas-2025-con-reflexiones-memoria-y-la-vigencia-de-ramon-lopez-velarde\/","title":{"rendered":"Inician Jornadas Lopezvelardeanas 2025 con reflexiones, memoria y la vigencia de Ram\u00f3n L\u00f3pez Velarde"},"content":{"rendered":"<p>\u25aa\ufe0fLa mesa redonda &#8220;L\u00f3pez Velarde visto por los contempor\u00e1neos&#8221; y la presentaci\u00f3n del libro &#8220;Convertir lo ef\u00edmero en permanente&#8221;, de Sof\u00eda Ram\u00edrez, fueron los eventos de apertura <\/p>\n<p>Zacatecas, Zac., 18 de junio de 2025.- Con la presencia en el p\u00fablico de Marco Antonio Campos, Premio Iberoamericano &#8220;Ram\u00f3n L\u00f3pez Velarde&#8221; 2011 y la Directora del Instituto Zacatecano de Cultura (IZC) &#8220;Ram\u00f3n L\u00f3pez Velarde&#8221;, Mar\u00eda de Jes\u00fas Mu\u00f1oz Reyes, en la Petroteca del Antiguo Templo de San Agust\u00edn, dieron inicio las XXVIII Jornadas Lopezvelardeanas 2025, evento marcado por la palabra viva y el di\u00e1logo entre generaciones. <\/p>\n<p>En este primer encuentro, cuya programaci\u00f3n en conjunto rinde tributo al Poeta de la Patria, Ram\u00f3n L\u00f3pez Velarde, estuvo marcado por la mesa redonda \u201cL\u00f3pez Velarde visto por los contempor\u00e1neos\u201d, un espacio de an\u00e1lisis y apreciaci\u00f3n de la vigencia de la obra del autor jerezano. <\/p>\n<p>En ella, participaron la acad\u00e9mica Adriana \u00c1lvarez, de la Universidad Aut\u00f3noma de Aguascalientes, y los poetas Luis Alberto Navarro y Jorge Humberto Ch\u00e1vez, quienes compartieron reflexiones sobre la universalidad de L\u00f3pez Velarde y la manera en que su voz sigue resonando en la poes\u00eda actual. <\/p>\n<p>La mesa, presentada por la gestora cultural Zoar Rom\u00e1n, ofreci\u00f3 una mirada renovada al legado lopezvelardeano, que destac\u00f3 por su profunda conexi\u00f3n con los dilemas y anhelos del presente.<\/p>\n<p>La tarde continu\u00f3 con la presentaci\u00f3n editorial del libro Convertir lo Ef\u00edmero en Permanente, de Sof\u00eda Ram\u00edrez, quien ser\u00e1 condecorada con el Premio Iberoamericano &#8220;Ram\u00f3n L\u00f3pez Velarde&#8221; 2025, obra editada por el Instituto Zacatecano de Cultura. <\/p>\n<p>El acto, conducido por Karen Salazar y Joel Grijalva de Seda Editores, de Aguascalientes, puso de relieve la b\u00fasqueda por plasmar, desde la escritura, los instantes fugaces de la vida, otorg\u00e1ndoles permanencia a trav\u00e9s de la memoria y el arte. <\/p>\n<p>Destacaron los comentarios y apreciaciones Lopezvelardeanas de la autora, Sof\u00eda Ram\u00edrez, quien recomend\u00f3 releer al bardo jerezano. <\/p>\n<p>El p\u00fablico celebr\u00f3 la propuesta literaria que, como las Jornadas mismas, apuesta por el di\u00e1logo entre tradici\u00f3n y contemporaneidad, en un homenaje a L\u00f3pez Velarde, que se renueva con la invitaci\u00f3n a las y los zacatecanos y visitantes a sumarse a las actividades que, durante los pr\u00f3ximos d\u00edas, continuar\u00e1n honrando al poeta y su obra.<\/p>\n<p>\u2014ooOoo\u2014<\/p>\n","protected":false},"excerpt":{"rendered":"<p>\u25aa\ufe0fLa mesa redonda &#8220;L\u00f3pez Velarde visto por los contempor\u00e1neos&#8221; y la presentaci\u00f3n del libro &#8220;Convertir lo ef\u00edmero en permanente&#8221;, de Sof\u00eda Ram\u00edrez, fueron los eventos de<span class=\"excerpt-hellip\"> [\u2026]<\/span><\/p>\n","protected":false},"author":2,"featured_media":12769,"comment_status":"open","ping_status":"open","sticky":false,"template":"","format":"standard","meta":{"footnotes":""},"categories":[16],"tags":[],"class_list":["post-12768","post","type-post","status-publish","format-standard","has-post-thumbnail","hentry","category-zacatecas"],"_links":{"self":[{"href":"https:\/\/sientetupasion.com\/index.php\/wp-json\/wp\/v2\/posts\/12768","targetHints":{"allow":["GET"]}}],"collection":[{"href":"https:\/\/sientetupasion.com\/index.php\/wp-json\/wp\/v2\/posts"}],"about":[{"href":"https:\/\/sientetupasion.com\/index.php\/wp-json\/wp\/v2\/types\/post"}],"author":[{"embeddable":true,"href":"https:\/\/sientetupasion.com\/index.php\/wp-json\/wp\/v2\/users\/2"}],"replies":[{"embeddable":true,"href":"https:\/\/sientetupasion.com\/index.php\/wp-json\/wp\/v2\/comments?post=12768"}],"version-history":[{"count":1,"href":"https:\/\/sientetupasion.com\/index.php\/wp-json\/wp\/v2\/posts\/12768\/revisions"}],"predecessor-version":[{"id":12770,"href":"https:\/\/sientetupasion.com\/index.php\/wp-json\/wp\/v2\/posts\/12768\/revisions\/12770"}],"wp:featuredmedia":[{"embeddable":true,"href":"https:\/\/sientetupasion.com\/index.php\/wp-json\/wp\/v2\/media\/12769"}],"wp:attachment":[{"href":"https:\/\/sientetupasion.com\/index.php\/wp-json\/wp\/v2\/media?parent=12768"}],"wp:term":[{"taxonomy":"category","embeddable":true,"href":"https:\/\/sientetupasion.com\/index.php\/wp-json\/wp\/v2\/categories?post=12768"},{"taxonomy":"post_tag","embeddable":true,"href":"https:\/\/sientetupasion.com\/index.php\/wp-json\/wp\/v2\/tags?post=12768"}],"curies":[{"name":"wp","href":"https:\/\/api.w.org\/{rel}","templated":true}]}}