{"id":12672,"date":"2025-06-17T12:50:37","date_gmt":"2025-06-17T18:50:37","guid":{"rendered":"https:\/\/sientetupasion.com\/?p=12672"},"modified":"2025-06-17T12:50:37","modified_gmt":"2025-06-17T18:50:37","slug":"sentarse-tambien-es-un-derecho-mexico-ya-tiene-ley-silla-promovida-por-movimiento-ciudadano","status":"publish","type":"post","link":"https:\/\/sientetupasion.com\/index.php\/2025\/06\/17\/sentarse-tambien-es-un-derecho-mexico-ya-tiene-ley-silla-promovida-por-movimiento-ciudadano\/","title":{"rendered":"\u00a1SENTARSE TAMBI\u00c9N ES UN DERECHO! M\u00c9XICO YA TIENE LEY SILLA PROMOVIDA POR MOVIMIENTO CIUDADANO"},"content":{"rendered":"\n<p>A partir de este 17 de junio, M\u00e9xico cuenta con una nueva normatividad que prioriza la salud y la dignidad de quienes trabajan de pie durante largas jornadas. Se trata de la Ley Silla, impulsada por Movimiento Ciudadano, y celebrada por el Coordinador Operativo Estatal, Juan del Real, como un logro hist\u00f3rico para los derechos laborales en el pa\u00eds.<\/p>\n<p>\u201cCon la Ley Silla buscamos que toda persona trabajadora tenga garantizado su derecho a sentarse durante su jornada. No se trata solo de comodidad, sino de salud, de dignidad y de justicia\u201d, expres\u00f3 Juan del Real.<\/p>\n<p>\u201cEsta ley obliga a los empleadores a proporcionar asientos adecuados, respeta las pausas activas y previene problemas como v\u00e1rices, lesiones de columna o fatiga cr\u00f3nica. Es una acci\u00f3n concreta que protege a quienes, por a\u00f1os, fueron invisibilizados en sus entornos laborales\u201d, agreg\u00f3.<\/p>\n<p>Juan del Real tambi\u00e9n subray\u00f3 la importancia de esta ley para sectores hist\u00f3ricamente olvidados:<\/p>\n<p>\u201cSon miles las mujeres y hombres que trabajan en comercio, atenci\u00f3n al cliente o servicios, y que por a\u00f1os han pasado horas de pie sin descanso. Esta ley es para ellas y ellos. Es una victoria de quienes no se rinden y de un movimiento que escucha y act\u00faa\u201d.<\/p>\n<p>Con esta medida, Movimiento Ciudadano reafirma su compromiso con las causas ciudadanas y con un M\u00e9xico m\u00e1s justo, humano y consciente de los derechos de su gente.<\/p>\n","protected":false},"excerpt":{"rendered":"<p>A partir de este 17 de junio, M\u00e9xico cuenta con una nueva normatividad que prioriza la salud y la dignidad de quienes trabajan de pie durante<span class=\"excerpt-hellip\"> [\u2026]<\/span><\/p>\n","protected":false},"author":2,"featured_media":12673,"comment_status":"open","ping_status":"open","sticky":false,"template":"","format":"standard","meta":{"footnotes":""},"categories":[8],"tags":[],"class_list":["post-12672","post","type-post","status-publish","format-standard","has-post-thumbnail","hentry","category-politica"],"_links":{"self":[{"href":"https:\/\/sientetupasion.com\/index.php\/wp-json\/wp\/v2\/posts\/12672","targetHints":{"allow":["GET"]}}],"collection":[{"href":"https:\/\/sientetupasion.com\/index.php\/wp-json\/wp\/v2\/posts"}],"about":[{"href":"https:\/\/sientetupasion.com\/index.php\/wp-json\/wp\/v2\/types\/post"}],"author":[{"embeddable":true,"href":"https:\/\/sientetupasion.com\/index.php\/wp-json\/wp\/v2\/users\/2"}],"replies":[{"embeddable":true,"href":"https:\/\/sientetupasion.com\/index.php\/wp-json\/wp\/v2\/comments?post=12672"}],"version-history":[{"count":1,"href":"https:\/\/sientetupasion.com\/index.php\/wp-json\/wp\/v2\/posts\/12672\/revisions"}],"predecessor-version":[{"id":12674,"href":"https:\/\/sientetupasion.com\/index.php\/wp-json\/wp\/v2\/posts\/12672\/revisions\/12674"}],"wp:featuredmedia":[{"embeddable":true,"href":"https:\/\/sientetupasion.com\/index.php\/wp-json\/wp\/v2\/media\/12673"}],"wp:attachment":[{"href":"https:\/\/sientetupasion.com\/index.php\/wp-json\/wp\/v2\/media?parent=12672"}],"wp:term":[{"taxonomy":"category","embeddable":true,"href":"https:\/\/sientetupasion.com\/index.php\/wp-json\/wp\/v2\/categories?post=12672"},{"taxonomy":"post_tag","embeddable":true,"href":"https:\/\/sientetupasion.com\/index.php\/wp-json\/wp\/v2\/tags?post=12672"}],"curies":[{"name":"wp","href":"https:\/\/api.w.org\/{rel}","templated":true}]}}