{"id":12586,"date":"2025-06-17T08:06:55","date_gmt":"2025-06-17T14:06:55","guid":{"rendered":"https:\/\/sientetupasion.com\/?p=12586"},"modified":"2025-06-17T08:06:55","modified_gmt":"2025-06-17T14:06:55","slug":"ulises-mejia-haro-desde-el-senado-llama-a-respaldar-a-la-comunidad-migrante","status":"publish","type":"post","link":"https:\/\/sientetupasion.com\/index.php\/2025\/06\/17\/ulises-mejia-haro-desde-el-senado-llama-a-respaldar-a-la-comunidad-migrante\/","title":{"rendered":"ULISES MEJ\u00cdA HARO, DESDE EL SENADO, LLAMA A RESPALDAR A LA COMUNIDAD MIGRANTE"},"content":{"rendered":"<p>Ciudad de M\u00e9xico, a 16 de junio de 2025.\u2013 El diputado federal Ulises Mej\u00eda Haro acudi\u00f3 este lunes al Senado de la Rep\u00fablica para acompa\u00f1ar a la senadora migrante Karina Isabel Ru\u00edz en el foro organizado con representantes de comunidades migrantes, con el objetivo de consolidar acciones de apoyo a las y los mexicanos que viven en el exterior.<\/p>\n<p>Durante el encuentro, se abordaron con preocupaci\u00f3n las recientes medidas del gobierno de Estados Unidos, incluyendo el endurecimiento de las pol\u00edticas migratorias, que han derivado en redadas violentas y violaciones a los derechos humanos de nuestros connacionales. Asimismo, se discuti\u00f3 la iniciativa estadounidense para gravar con un 3.5% las remesas enviadas a M\u00e9xico, lo que representa un retroceso significativo para millones de familias mexicanas que dependen de esos recursos.<\/p>\n<p>A su vez, se plantearon esquemas de apoyo como la dispersi\u00f3n de remesas sin comisiones y el financiamiento a familias migrantes, propuestas presentadas por la directora general de Financiera para el Bienestar (FINABIEN), Roc\u00edo Mej\u00eda Flores.<\/p>\n<p>\u201cDebemos cerrar filas para respaldar a nuestra presidenta Claudia Sheinbaum en su esfuerzo por mantener el di\u00e1logo bilateral y alcanzar acuerdos que protejan los derechos de nuestra gente migrante\u201d, expres\u00f3 el legislador zacatecano.<\/p>\n<p>Ulises Mej\u00eda Haro reafirm\u00f3 su compromiso de trabajar en unidad con legisladores y legisladoras federales, y representantes de las comunidades migrantes, con el fin de construir una agenda com\u00fan que garantice respeto, protecci\u00f3n y justicia para quienes viven fuera del pa\u00eds.<\/p>\n<p>\u201cDefenderemos los derechos de nuestra gente migrante y evitaremos cualquier retroceso que afecte la estabilidad de millones de familias mexicanas.\u201d, concluy\u00f3.<\/p>\n","protected":false},"excerpt":{"rendered":"<p>Ciudad de M\u00e9xico, a 16 de junio de 2025.\u2013 El diputado federal Ulises Mej\u00eda Haro acudi\u00f3 este lunes al Senado de la Rep\u00fablica para acompa\u00f1ar a<span class=\"excerpt-hellip\"> [\u2026]<\/span><\/p>\n","protected":false},"author":2,"featured_media":12587,"comment_status":"open","ping_status":"open","sticky":false,"template":"","format":"standard","meta":{"footnotes":""},"categories":[8],"tags":[],"class_list":["post-12586","post","type-post","status-publish","format-standard","has-post-thumbnail","hentry","category-politica"],"_links":{"self":[{"href":"https:\/\/sientetupasion.com\/index.php\/wp-json\/wp\/v2\/posts\/12586","targetHints":{"allow":["GET"]}}],"collection":[{"href":"https:\/\/sientetupasion.com\/index.php\/wp-json\/wp\/v2\/posts"}],"about":[{"href":"https:\/\/sientetupasion.com\/index.php\/wp-json\/wp\/v2\/types\/post"}],"author":[{"embeddable":true,"href":"https:\/\/sientetupasion.com\/index.php\/wp-json\/wp\/v2\/users\/2"}],"replies":[{"embeddable":true,"href":"https:\/\/sientetupasion.com\/index.php\/wp-json\/wp\/v2\/comments?post=12586"}],"version-history":[{"count":1,"href":"https:\/\/sientetupasion.com\/index.php\/wp-json\/wp\/v2\/posts\/12586\/revisions"}],"predecessor-version":[{"id":12588,"href":"https:\/\/sientetupasion.com\/index.php\/wp-json\/wp\/v2\/posts\/12586\/revisions\/12588"}],"wp:featuredmedia":[{"embeddable":true,"href":"https:\/\/sientetupasion.com\/index.php\/wp-json\/wp\/v2\/media\/12587"}],"wp:attachment":[{"href":"https:\/\/sientetupasion.com\/index.php\/wp-json\/wp\/v2\/media?parent=12586"}],"wp:term":[{"taxonomy":"category","embeddable":true,"href":"https:\/\/sientetupasion.com\/index.php\/wp-json\/wp\/v2\/categories?post=12586"},{"taxonomy":"post_tag","embeddable":true,"href":"https:\/\/sientetupasion.com\/index.php\/wp-json\/wp\/v2\/tags?post=12586"}],"curies":[{"name":"wp","href":"https:\/\/api.w.org\/{rel}","templated":true}]}}