{"id":12568,"date":"2025-06-16T11:46:10","date_gmt":"2025-06-16T17:46:10","guid":{"rendered":"https:\/\/sientetupasion.com\/?p=12568"},"modified":"2025-06-16T11:46:10","modified_gmt":"2025-06-16T17:46:10","slug":"presentan-iniciativa-para-otorgar-facultades-sancionadoras-al-conapred-ante-actos-de-discriminacion","status":"publish","type":"post","link":"https:\/\/sientetupasion.com\/index.php\/2025\/06\/16\/presentan-iniciativa-para-otorgar-facultades-sancionadoras-al-conapred-ante-actos-de-discriminacion\/","title":{"rendered":"Presentan iniciativa para otorgar facultades sancionadoras al Conapred ante actos de discriminaci\u00f3n"},"content":{"rendered":"<p>Las sanciones podr\u00e1n consistir en amonestaciones, multas y medidas de reparaci\u00f3n del da\u00f1o: diputado Torres Casta\u00f1eda (PRI)<\/p>\n<p>El diputado del PRI, \u00d3scar Fernando Torres Casta\u00f1eda, promueve una iniciativa de reforma a la Ley Federal para Prevenir y Eliminar la Discriminaci\u00f3n, para otorgar al Conapred la facultad de iniciar procedimiento sancionador de oficio o a petici\u00f3n de parte, cuando tenga conocimiento de actos de discriminaci\u00f3n.<\/p>\n<p>Las sanciones podr\u00e1n consistir en amonestaciones, multas, medidas de reparaci\u00f3n del da\u00f1o y otras que determine el reglamento de esta ley, plantea la propuesta que modifica los art\u00edculos 15 y 20 de dicha legislaci\u00f3n y que fue turnada para dictamen a la Comisi\u00f3n de Derechos Humanos.<\/p>\n<p>El procedimiento garantizar\u00e1 el derecho de audiencia y defensa del presunto infractor, conforme a los principios de legalidad y debido proceso. <\/p>\n<p>Entre las medidas de nivelaci\u00f3n que los poderes p\u00fablicos est\u00e1n obligados a realizar, propone eliminar las barreras arquitect\u00f3nicas y urban\u00edsticas, y adoptar ajustes razonables para garantizar condiciones de accesibilidad universal en inmuebles abiertos al p\u00fablico.<\/p>\n<p>Adem\u00e1s, deben incluir el acceso a servicios digitales, p\u00fablicos o privados, y asegurar el uso de tecnolog\u00edas accesibles, subtitulaci\u00f3n, interpretaci\u00f3n en lengua de se\u00f1as, formatos alternativos y cualquier otro medio adecuado para garantizar la inclusi\u00f3n de personas con discapacidad.<br \/>\nEn la exposici\u00f3n de motivos, el legislador considera que conferir facultades sancionadoras al Conapred representa un avance en la lucha contra la impunidad, pues una ley sin consecuencias reales para quien la viola corre el riesgo de ser letra muerta. <\/p>\n<p>Subraya que la posibilidad de imponer sanciones administrativas permite no solo castigar actos discriminatorios, sino tambi\u00e9n enviar un mensaje claro: la discriminaci\u00f3n no ser\u00e1 tolerada por el Estado mexicano. Este cambio tambi\u00e9n fortalecer\u00eda la confianza ciudadana en las instituciones encargadas de velar por la igualdad.<\/p>\n<p>En tanto, fortalecer la Ley Federal para Prevenir y Eliminar la Discriminaci\u00f3n es una tarea que trasciende lo jur\u00eddico; es una declaraci\u00f3n de principios: \u201cque en M\u00e9xico no hay lugar para la exclusi\u00f3n, que la dignidad humana no se negocia, y que una verdadera democracia solo es posible cuando todas las personas &#8211;sin importar su origen, condici\u00f3n o identidad&#8211; tienen garantizado el mismo acceso a los derechos, las oportunidades y el respeto\u201d, enfatiza.<\/p>\n<p>Las reformas &#8211;asegura&#8211; contribuir\u00edan a cerrar la brecha entre el reconocimiento legal del derecho a la no discriminaci\u00f3n y su aplicaci\u00f3n efectiva. <\/p>\n<p>Una democracia que no protege a sus sectores m\u00e1s vulnerables es una democracia incompleta. La igualdad no puede seguir siendo una aspiraci\u00f3n ret\u00f3rica, sino que debe ser una pr\u00e1ctica cotidiana respaldada por leyes robustas, mecanismos eficaces y voluntad pol\u00edtica, precisa.<\/p>\n","protected":false},"excerpt":{"rendered":"<p>Las sanciones podr\u00e1n consistir en amonestaciones, multas y medidas de reparaci\u00f3n del da\u00f1o: diputado Torres Casta\u00f1eda (PRI) El diputado del PRI, \u00d3scar Fernando Torres Casta\u00f1eda, promueve<span class=\"excerpt-hellip\"> [\u2026]<\/span><\/p>\n","protected":false},"author":2,"featured_media":12570,"comment_status":"open","ping_status":"open","sticky":false,"template":"","format":"standard","meta":{"footnotes":""},"categories":[8],"tags":[],"class_list":["post-12568","post","type-post","status-publish","format-standard","has-post-thumbnail","hentry","category-politica"],"_links":{"self":[{"href":"https:\/\/sientetupasion.com\/index.php\/wp-json\/wp\/v2\/posts\/12568","targetHints":{"allow":["GET"]}}],"collection":[{"href":"https:\/\/sientetupasion.com\/index.php\/wp-json\/wp\/v2\/posts"}],"about":[{"href":"https:\/\/sientetupasion.com\/index.php\/wp-json\/wp\/v2\/types\/post"}],"author":[{"embeddable":true,"href":"https:\/\/sientetupasion.com\/index.php\/wp-json\/wp\/v2\/users\/2"}],"replies":[{"embeddable":true,"href":"https:\/\/sientetupasion.com\/index.php\/wp-json\/wp\/v2\/comments?post=12568"}],"version-history":[{"count":1,"href":"https:\/\/sientetupasion.com\/index.php\/wp-json\/wp\/v2\/posts\/12568\/revisions"}],"predecessor-version":[{"id":12571,"href":"https:\/\/sientetupasion.com\/index.php\/wp-json\/wp\/v2\/posts\/12568\/revisions\/12571"}],"wp:featuredmedia":[{"embeddable":true,"href":"https:\/\/sientetupasion.com\/index.php\/wp-json\/wp\/v2\/media\/12570"}],"wp:attachment":[{"href":"https:\/\/sientetupasion.com\/index.php\/wp-json\/wp\/v2\/media?parent=12568"}],"wp:term":[{"taxonomy":"category","embeddable":true,"href":"https:\/\/sientetupasion.com\/index.php\/wp-json\/wp\/v2\/categories?post=12568"},{"taxonomy":"post_tag","embeddable":true,"href":"https:\/\/sientetupasion.com\/index.php\/wp-json\/wp\/v2\/tags?post=12568"}],"curies":[{"name":"wp","href":"https:\/\/api.w.org\/{rel}","templated":true}]}}