{"id":12565,"date":"2025-06-16T11:44:19","date_gmt":"2025-06-16T17:44:19","guid":{"rendered":"https:\/\/sientetupasion.com\/?p=12565"},"modified":"2025-06-16T11:44:19","modified_gmt":"2025-06-16T17:44:19","slug":"necesario-financiamiento-suficiente-para-atencion-de-la-salud-mental-y-que-seguros-privados-incluyan-en-su-cobertura-este-tipo-de-servicios-liliana-ortiz","status":"publish","type":"post","link":"https:\/\/sientetupasion.com\/index.php\/2025\/06\/16\/necesario-financiamiento-suficiente-para-atencion-de-la-salud-mental-y-que-seguros-privados-incluyan-en-su-cobertura-este-tipo-de-servicios-liliana-ortiz\/","title":{"rendered":"Necesario, financiamiento suficiente para atenci\u00f3n de la salud mental y que seguros privados incluyan en su cobertura este tipo de servicios: Liliana Ortiz"},"content":{"rendered":"<p>Necesario, financiamiento suficiente para atenci\u00f3n de la salud mental y que seguros privados incluyan en su cobertura este tipo de servicios: Liliana Ortiz<\/p>\n<p>\u2022 Realizan en la C\u00e1mara de Diputados la mesa de di\u00e1logo \u201cPor una mejor salud mental en M\u00e9xico: desaf\u00edos y propuestas&#8221;<\/p>\n<p>Palacio Legislativo de San L\u00e1zaro, 15-06-2025.\u2013 La diputada Liliana Ortiz P\u00e9rez (PAN) se\u00f1al\u00f3 que se han impulsado diversas reformas legales, ante la necesidad de que el Gobierno Federal y las entidades federativas otorguen el financiamiento suficiente para atender la salud mental, adem\u00e1s de que los seguros privados incluyan en sus p\u00f3lizas la cobertura de este tipo de atenci\u00f3n.<\/p>\n<p>Durante la mesa de di\u00e1logo \u201cPor una mejor salud mental en M\u00e9xico: desaf\u00edos y propuestas\u201d, realizada en la C\u00e1mara de Diputados, coment\u00f3 que la atenci\u00f3n de la salud mental es un componente clave del bienestar integral, el cual ha sido hist\u00f3ricamente desatendido. <\/p>\n<p>\u201cLa Organizaci\u00f3n Mundial de la Salud ha sido clara: la salud mental es un derecho humano b\u00e1sico y, como tal, debe garantizarse a trav\u00e9s de servicios accesibles, integrales y de calidad. En el mundo entero, condiciones como el autismo, la ansiedad y la depresi\u00f3n est\u00e1n en aumento y representan ya problemas de salud p\u00fablica. M\u00e9xico no es la excepci\u00f3n. <\/p>\n<p>\u201cDe acuerdo con la Encuesta Nacional de Epidemiolog\u00eda Psiqui\u00e1trica, una de cada cuatro personas en nuestro pa\u00eds ha vivido alg\u00fan trastorno mental, pero menos del 20 por ciento ha recibido atenci\u00f3n adecuada\u201d, expuso.<\/p>\n<p>Puntualiz\u00f3 que la situaci\u00f3n se agrava al observar que 17 de las 32 entidades federativas a\u00fan carecen de marcos legales en salud mental. \u201cA\u00fan m\u00e1s alarmante es el hecho de que el suicidio ya es la segunda causa de muerte en personas de 15 a 29 a\u00f1os en M\u00e9xico, con un incremento del 30 por ciento en la \u00faltima d\u00e9cada\u201d.<\/p>\n<p>Record\u00f3 que desde el Poder Legislativo se han impulsado acciones firmes para avanzar hacia un sistema de salud mental m\u00e1s justo y eficaz. Se\u00f1al\u00f3 que ha promovido distintas reformas a la Ley General de Salud, con el objetivo de que, tanto el Gobierno Federal como las entidades federativas, financien con suficiencia y eficiencia los servicios de salud mental, garantizando adem\u00e1s su accesibilidad universal. <\/p>\n<p>De igual manera, abund\u00f3, que los seguros privados incluyan en sus p\u00f3lizas la cobertura de servicios de salud mental, complementando los servicios p\u00fablicos y ofreciendo mayores opciones a la ciudadan\u00eda.<\/p>\n<p>\u201cEstas acciones buscan fomentar una participaci\u00f3n solidaria entre el gobierno, legisladores, sociedad civil, iniciativa privada y la comunidad cient\u00edfica para enfrentar con visi\u00f3n integral un reto que crece d\u00eda a d\u00eda\u201d, subray\u00f3.<br \/>\nPor su parte, Mart\u00edn Espinosa, director ejecutivo de Feelink, resalt\u00f3 que hay un creciente compromiso de diversos actores sociales como personas especialistas, legisladoras, legisladores, ciudadanas y ciudadanos por generar un cambio real en el bienestar emocional de las personas.<\/p>\n<p>Subray\u00f3 la importancia de involucrar a las nuevas generaciones, representadas por estudiantes, para avanzar hacia un futuro m\u00e1s saludable, donde todos tengan acceso al apoyo emocional que necesitan. Por ello, agreg\u00f3, se debe mantener la uni\u00f3n y el impulso para que la salud mental sea una prioridad compartida.<\/p>\n<p>Fernando Pena Vivero, presidente de la Asociaci\u00f3n Espa\u00f1ola de Psicolog\u00eda Sanitaria (AEPSIS), mencion\u00f3 la importancia de brindarle a la poblaci\u00f3n el acceso a los servicios psicol\u00f3gicos comunitarios, en donde haya una mayor colaboraci\u00f3n entre lo p\u00fablico y lo privado. <\/p>\n<p>\u201cCreo que existe una necesidad de una colaboraci\u00f3n mayor entre lo p\u00fablico y lo privado, entre las empresas, las asociaciones, las fundaciones. Creo que el Estado deber\u00eda apoyar a aquellas asociaciones que se crean, como s\u00e9 que las hay ya, con el prop\u00f3sito de mejorar la salud mental y contribuir a esos grupos de terapia o grupos de colaboraci\u00f3n\u201d, detall\u00f3.<\/p>\n<p>Feggy Ostrosky Shejet, directora del Laboratorio de Neuropsicolog\u00eda y Psicofisiolog\u00eda de la Universidad Nacional Aut\u00f3noma de M\u00e9xico (UNAM), hizo \u00e9nfasis en la necesidad de implementar programas de prevenci\u00f3n psicol\u00f3gica en las escuelas, ya que, con base en pruebas neuropsicol\u00f3gicas, se puede detectar psicopat\u00edas desde los 3 a\u00f1os de edad. <\/p>\n","protected":false},"excerpt":{"rendered":"<p>Necesario, financiamiento suficiente para atenci\u00f3n de la salud mental y que seguros privados incluyan en su cobertura este tipo de servicios: Liliana Ortiz \u2022 Realizan en<span class=\"excerpt-hellip\"> [\u2026]<\/span><\/p>\n","protected":false},"author":2,"featured_media":12566,"comment_status":"open","ping_status":"open","sticky":false,"template":"","format":"standard","meta":{"footnotes":""},"categories":[8],"tags":[],"class_list":["post-12565","post","type-post","status-publish","format-standard","has-post-thumbnail","hentry","category-politica"],"_links":{"self":[{"href":"https:\/\/sientetupasion.com\/index.php\/wp-json\/wp\/v2\/posts\/12565","targetHints":{"allow":["GET"]}}],"collection":[{"href":"https:\/\/sientetupasion.com\/index.php\/wp-json\/wp\/v2\/posts"}],"about":[{"href":"https:\/\/sientetupasion.com\/index.php\/wp-json\/wp\/v2\/types\/post"}],"author":[{"embeddable":true,"href":"https:\/\/sientetupasion.com\/index.php\/wp-json\/wp\/v2\/users\/2"}],"replies":[{"embeddable":true,"href":"https:\/\/sientetupasion.com\/index.php\/wp-json\/wp\/v2\/comments?post=12565"}],"version-history":[{"count":1,"href":"https:\/\/sientetupasion.com\/index.php\/wp-json\/wp\/v2\/posts\/12565\/revisions"}],"predecessor-version":[{"id":12567,"href":"https:\/\/sientetupasion.com\/index.php\/wp-json\/wp\/v2\/posts\/12565\/revisions\/12567"}],"wp:featuredmedia":[{"embeddable":true,"href":"https:\/\/sientetupasion.com\/index.php\/wp-json\/wp\/v2\/media\/12566"}],"wp:attachment":[{"href":"https:\/\/sientetupasion.com\/index.php\/wp-json\/wp\/v2\/media?parent=12565"}],"wp:term":[{"taxonomy":"category","embeddable":true,"href":"https:\/\/sientetupasion.com\/index.php\/wp-json\/wp\/v2\/categories?post=12565"},{"taxonomy":"post_tag","embeddable":true,"href":"https:\/\/sientetupasion.com\/index.php\/wp-json\/wp\/v2\/tags?post=12565"}],"curies":[{"name":"wp","href":"https:\/\/api.w.org\/{rel}","templated":true}]}}