{"id":12527,"date":"2025-06-16T08:57:30","date_gmt":"2025-06-16T14:57:30","guid":{"rendered":"https:\/\/sientetupasion.com\/?p=12527"},"modified":"2025-06-16T08:57:30","modified_gmt":"2025-06-16T14:57:30","slug":"gloria-y-sus-99-primaveras-entre-flores-frutos-y-gratitud","status":"publish","type":"post","link":"https:\/\/sientetupasion.com\/index.php\/2025\/06\/16\/gloria-y-sus-99-primaveras-entre-flores-frutos-y-gratitud\/","title":{"rendered":"Gloria y sus 99 primaveras, entre flores, frutos y gratitud"},"content":{"rendered":"<p>\u25aa Organiza personal de la Casa Hogar emotiva celebraci\u00f3n de cumplea\u00f1os, en la que no faltaron el pastel, la pi\u00f1ata y la m\u00fasica<br \/>\n\u25aa La se\u00f1ora Gloria no solo agradece al personal de la Casa Hogar por los cuidados que recibe, sino que menciona con especial afecto a quien con cari\u00f1o llama \u201cSarita\u201d<\/p>\n<p>Zacatecas, Zac., 15 de junio 2025.- En una emotiva convivencia, el Gobierno de Zacatecas, encabezado por el mandatario estatal David Monreal \u00c1vila, celebr\u00f3 la vida de la se\u00f1ora Gloria, residente de Casa Hogar para la Tercera Edad, quien cumpli\u00f3 99 a\u00f1os de edad, rodeada de cari\u00f1o, sonrisas y flores, un emotivo momento que comparti\u00f3 con las y los adultos mayores que alberga este centro asistencial.<\/p>\n<p>En un rinc\u00f3n soleado del jard\u00edn de la Casa Hogar para la Tercera Edad, la se\u00f1ora Gloria cuida con esmero sus plantas. Con manos pacientes y mirada serena, retira las hojas secas de las flores que ha aprendido a amar como si fueran parte de su historia: \u201cMe gusta mucho tener plantas, ponerme a limpiarlas\u2026\u201d, dice, mientras acaricia las ramas de un ciruelo en flor.<\/p>\n<p>La se\u00f1ora Gloria naci\u00f3 en 1926 y a\u00fan comienza cada d\u00eda con la misma devoci\u00f3n: \u201cMe levanto y, en el nombre de Dios, empiezo mi d\u00eda\u201d. Sus palabras, sencillas pero profundas, revelan una vida tejida con paciencia, fe y gratitud.<\/p>\n<p>El personal de la Casa Hogar organiz\u00f3 una emotiva celebraci\u00f3n de cumplea\u00f1os, en la que no faltaron el pastel, la pi\u00f1ata, la m\u00fasica y la diversi\u00f3n.<\/p>\n<p>Gloria convivi\u00f3 con los dem\u00e1s residentes, quienes la acompa\u00f1aron entre abrazos, felicitaciones y an\u00e9cdotas compartidas.<\/p>\n<p>Fue un d\u00eda especial, de esos que se guardan en el coraz\u00f3n, donde cada gesto, como una flor, una rebanada de pastel y una canci\u00f3n, se vuelve un homenaje a la vida.<\/p>\n<p>Entre los \u00e1rboles frutales del hogar, como ciruelos, naranjos y duraznos, la se\u00f1ora Gloria encuentra peque\u00f1os placeres: recoger los frutos maduros que caen como regalos del tiempo: &#8220;Disfruto mucho cuidar mis flores y los \u00e1rboles&#8221;, dice, con una sonrisa que habla de sabidur\u00eda.<\/p>\n<p>La se\u00f1ora Gloria no s\u00f3lo agradece al personal de la Casa Hogar por los cuidados que recibe, sino que menciona con especial afecto a quien con cari\u00f1o llama \u201cSarita\u201d, Presidenta Honor\u00edfica del Sistema Estatal para el Desarrollo Integral de la Familia (SEDIF), quien, seg\u00fan sus propias palabras, \u201csiempre est\u00e1 pendiente\u201d.<\/p>\n<p>Tambi\u00e9n reconoce, con humor, que a veces el car\u00e1cter le gana: \u201cA veces, me enojo mucho, pero nos comprenden\u201d, dice entre risas suaves, con una mirada p\u00edcara que revela que a\u00fan queda mucha vida en sus palabras.<\/p>\n<p>Su historia es testimonio de resiliencia, ternura y gratitud. En su jard\u00edn florecen no s\u00f3lo plantas, sino memorias. Y en cada hoja que limpia, en cada fruta que recoge, hay una peque\u00f1a victoria sobre el tiempo.<\/p>\n<p>Hoy, do\u00f1a Gloria no s\u00f3lo celebra 99 a\u00f1os, celebra una vida digna, cuidada y acompa\u00f1ada. Una vida que, como sus flores, sigue dando color y esperanza.<\/p>\n<p>\u2014ooOoo\u2014<\/p>\n","protected":false},"excerpt":{"rendered":"<p>\u25aa Organiza personal de la Casa Hogar emotiva celebraci\u00f3n de cumplea\u00f1os, en la que no faltaron el pastel, la pi\u00f1ata y la m\u00fasica \u25aa La se\u00f1ora<span class=\"excerpt-hellip\"> [\u2026]<\/span><\/p>\n","protected":false},"author":2,"featured_media":12528,"comment_status":"open","ping_status":"open","sticky":false,"template":"","format":"standard","meta":{"footnotes":""},"categories":[16],"tags":[],"class_list":["post-12527","post","type-post","status-publish","format-standard","has-post-thumbnail","hentry","category-zacatecas"],"_links":{"self":[{"href":"https:\/\/sientetupasion.com\/index.php\/wp-json\/wp\/v2\/posts\/12527","targetHints":{"allow":["GET"]}}],"collection":[{"href":"https:\/\/sientetupasion.com\/index.php\/wp-json\/wp\/v2\/posts"}],"about":[{"href":"https:\/\/sientetupasion.com\/index.php\/wp-json\/wp\/v2\/types\/post"}],"author":[{"embeddable":true,"href":"https:\/\/sientetupasion.com\/index.php\/wp-json\/wp\/v2\/users\/2"}],"replies":[{"embeddable":true,"href":"https:\/\/sientetupasion.com\/index.php\/wp-json\/wp\/v2\/comments?post=12527"}],"version-history":[{"count":1,"href":"https:\/\/sientetupasion.com\/index.php\/wp-json\/wp\/v2\/posts\/12527\/revisions"}],"predecessor-version":[{"id":12529,"href":"https:\/\/sientetupasion.com\/index.php\/wp-json\/wp\/v2\/posts\/12527\/revisions\/12529"}],"wp:featuredmedia":[{"embeddable":true,"href":"https:\/\/sientetupasion.com\/index.php\/wp-json\/wp\/v2\/media\/12528"}],"wp:attachment":[{"href":"https:\/\/sientetupasion.com\/index.php\/wp-json\/wp\/v2\/media?parent=12527"}],"wp:term":[{"taxonomy":"category","embeddable":true,"href":"https:\/\/sientetupasion.com\/index.php\/wp-json\/wp\/v2\/categories?post=12527"},{"taxonomy":"post_tag","embeddable":true,"href":"https:\/\/sientetupasion.com\/index.php\/wp-json\/wp\/v2\/tags?post=12527"}],"curies":[{"name":"wp","href":"https:\/\/api.w.org\/{rel}","templated":true}]}}