{"id":12434,"date":"2025-06-14T09:20:12","date_gmt":"2025-06-14T15:20:12","guid":{"rendered":"https:\/\/sientetupasion.com\/?p=12434"},"modified":"2025-06-14T09:20:12","modified_gmt":"2025-06-14T15:20:12","slug":"fortalece-guardia-nacional-su-presencia-operativa-en-zacatecas-gobernador-david-monreal-inaugura-instalaciones-en-villanueva-y-fresnillo","status":"publish","type":"post","link":"https:\/\/sientetupasion.com\/index.php\/2025\/06\/14\/fortalece-guardia-nacional-su-presencia-operativa-en-zacatecas-gobernador-david-monreal-inaugura-instalaciones-en-villanueva-y-fresnillo\/","title":{"rendered":"Fortalece Guardia Nacional su presencia operativa en Zacatecas;  Gobernador David Monreal inaugura instalaciones en Villanueva y Fresnillo"},"content":{"rendered":"<p>\u25aa\ufe0f  Seis coordinaciones regionales y ocho cuarteles refuerzan la cobertura<br \/>\n\u25aa\ufe0f  Reafirma Guardia Nacional su compromiso con el orden p\u00fablico, la paz social y los derechos humanos<\/p>\n<p>Villanueva, Zac., 13 de junio de 2025.- \u201cLa paz no es un regalo, es una conquista diaria\u201d, enfatiz\u00f3 el Gobernador David Monreal \u00c1vila en la inauguraci\u00f3n de los nuevos Batallones de la Guardia Nacional en los municipios de Villanueva y Fresnillo, donde estableci\u00f3 que en Zacatecas \u201cno vamos a bajar la guardia, al contrario, seguiremos la construcci\u00f3n de la tranquilidad con dignidad, justicia y buenos resultados\u201d.<\/p>\n<p>La inauguraci\u00f3n de los cuarteles de Villanueva y Fresnillo es infraestructura que se integra a una red operativa en los municipios de R\u00edo Grande, Jerez, Guadalupe, Moyahua, Valpara\u00edso, Villanueva y Zacatecas, que se articula en seis coordinaciones regionales que permiten una cobertura eficiente para la atenci\u00f3n de las distintas regiones del estado, bajo un esquema de cooperaci\u00f3n, coordinaci\u00f3n y confianza.<\/p>\n<p>En Villanueva, las nuevas instalaciones, de nivel Batall\u00f3n, tienen capacidad operativa para albergar a tres compa\u00f1\u00edas.<\/p>\n<p>En Fresnillo, se alberga la Comandancia del Quinto Batall\u00f3n y dos compa\u00f1\u00edas operativas, con capacidad para alojar a 100 elementos femeninos y 150 masculinos; cuenta con edificios de dos niveles, escuadra sanitaria, comedor para 300 personas, patios de honor, asta monumental, dep\u00f3sitos de armamento y municiones, talleres, canchas, espacios para oficiales y plantas tratadoras de aguas.<\/p>\n<p>El mandatario estatal record\u00f3 que en 2021, Zacatecas fue considerado el estado m\u00e1s inseguro del pa\u00eds, sin embargo, tras solicitar el respaldo del Gobierno de M\u00e9xico, se implement\u00f3 una estrategia conjunta, que ha dado como resultado una reducci\u00f3n progresiva y sostenida de la violencia.<\/p>\n<p>\u201cHoy somos el \u00fanico estado del pa\u00eds que ha logrado una disminuci\u00f3n de m\u00e1s del 80 por ciento en homicidios; este a\u00f1o, comparado con 2024, la reducci\u00f3n ha sido de m\u00e1s del 50 por ciento\u201d, afirm\u00f3.<\/p>\n<p>Estas instalaciones forman parte de un plan integral que contempla la construcci\u00f3n del Cuartel de la Coordinaci\u00f3n Estatal de la Guardia Nacional en la capital del estado, en un terreno de cinco hect\u00e1reas cedido por el Gobierno de Zacatecas. <\/p>\n<p>Asimismo se prev\u00e9 construcci\u00f3n del Cuartel  correspondiente al municipio de Concepci\u00f3n del Oro.<\/p>\n<p>El Gobernador David Monreal \u00c1vila destac\u00f3 que \u201cel reto es consolidar la paz y lograr el anhelo de tranquilidad para todas y para todos\u201d, con lo que reiter\u00f3 el compromiso de la administraci\u00f3n con la estrategia nacional encabezada por la Presidenta de M\u00e9xico, Claudia Sheinbaum Pardo.<\/p>\n<p>Agradeci\u00f3 al Ej\u00e9rcito Mexicano, a la Guardia Nacional, a la Polic\u00eda Estatal y a las polic\u00edas de investigaci\u00f3n de las fiscal\u00edas estatal y federal, por su valent\u00eda, compromiso y amor al pueblo, y a los ejidatarios de Villanueva, quienes donaron el terreno para la instalaci\u00f3n del nuevo cuartel.<\/p>\n<p>\u201cEste logro no es casualidad, es fruto de la operaci\u00f3n coordinada, del valor y de la lealtad institucional. Hoy regresa la inversi\u00f3n, el turismo, la convivencia familiar y la vida cotidiana a Zacatecas\u201d, enfatiz\u00f3.<\/p>\n<p>Refrenda GN compromiso con la paz<\/p>\n<p>El Coordinador estatal de la Guardia Nacional, Vicente Dimayuga Canales, refrend\u00f3 el firme compromiso de la Guardia Nacional con la construcci\u00f3n de la paz y la justicia en la entidad.<\/p>\n<p>Destac\u00f3 que las nuevas instalaciones est\u00e1n dise\u00f1adas para garantizar condiciones dignas y funcionales para los elementos.<\/p>\n<p>Ante el Jefe General de Coordinaci\u00f3n Policial de la Guardia Nacional, Filiberto Mondrag\u00f3n Polo, dijo que estas condiciones no s\u00f3lo permiten un \u00f3ptimo desarrollo operativo, sino tambi\u00e9n el fortalecimiento de la identidad institucional y la superaci\u00f3n personal mediante cursos de especializaci\u00f3n, lo que promueve una vocaci\u00f3n de servicio s\u00f3lida en cada integrante.<\/p>\n<p>Subray\u00f3 que la Guardia Nacional, a casi seis a\u00f1os de su creaci\u00f3n, se mantiene como una prioridad de inter\u00e9s nacional y como un proyecto de naci\u00f3n; gracias al liderazgo de la Presidenta de M\u00e9xico, Claudia Sheinbaum Pardo, se han consolidado las condiciones para un servicio de seguridad p\u00fablica eficiente, basado en la legalidad, la disciplina y la proximidad con la poblaci\u00f3n.<\/p>\n<p>\u201cCon esta obra reafirmamos nuestro deber de proteger esta tierra y su gente, honrando su historia y asegurando el futuro de las y los mexicanos\u201d.<\/p>\n<p>Destac\u00f3 que los \u201cvalores son cimientos para construir no s\u00f3lo un estado fuerte y resiliente, sino un M\u00e9xico m\u00e1s seguro\u201d; la Guardia Nacional act\u00faa bajo estrictos preceptos legales nacionales e internacionales, siempre con respeto a los derechos humanos y con el firme objetivo de contribuir a la prevenci\u00f3n e investigaci\u00f3n de delitos, la protecci\u00f3n del patrimonio y la colaboraci\u00f3n institucional.<\/p>\n<p>\u2014ooOoo\u2014<\/p>\n","protected":false},"excerpt":{"rendered":"<p>\u25aa\ufe0f Seis coordinaciones regionales y ocho cuarteles refuerzan la cobertura \u25aa\ufe0f Reafirma Guardia Nacional su compromiso con el orden p\u00fablico, la paz social y los derechos<span class=\"excerpt-hellip\"> [\u2026]<\/span><\/p>\n","protected":false},"author":2,"featured_media":12435,"comment_status":"open","ping_status":"open","sticky":false,"template":"","format":"standard","meta":{"footnotes":""},"categories":[16],"tags":[],"class_list":["post-12434","post","type-post","status-publish","format-standard","has-post-thumbnail","hentry","category-zacatecas"],"_links":{"self":[{"href":"https:\/\/sientetupasion.com\/index.php\/wp-json\/wp\/v2\/posts\/12434","targetHints":{"allow":["GET"]}}],"collection":[{"href":"https:\/\/sientetupasion.com\/index.php\/wp-json\/wp\/v2\/posts"}],"about":[{"href":"https:\/\/sientetupasion.com\/index.php\/wp-json\/wp\/v2\/types\/post"}],"author":[{"embeddable":true,"href":"https:\/\/sientetupasion.com\/index.php\/wp-json\/wp\/v2\/users\/2"}],"replies":[{"embeddable":true,"href":"https:\/\/sientetupasion.com\/index.php\/wp-json\/wp\/v2\/comments?post=12434"}],"version-history":[{"count":1,"href":"https:\/\/sientetupasion.com\/index.php\/wp-json\/wp\/v2\/posts\/12434\/revisions"}],"predecessor-version":[{"id":12436,"href":"https:\/\/sientetupasion.com\/index.php\/wp-json\/wp\/v2\/posts\/12434\/revisions\/12436"}],"wp:featuredmedia":[{"embeddable":true,"href":"https:\/\/sientetupasion.com\/index.php\/wp-json\/wp\/v2\/media\/12435"}],"wp:attachment":[{"href":"https:\/\/sientetupasion.com\/index.php\/wp-json\/wp\/v2\/media?parent=12434"}],"wp:term":[{"taxonomy":"category","embeddable":true,"href":"https:\/\/sientetupasion.com\/index.php\/wp-json\/wp\/v2\/categories?post=12434"},{"taxonomy":"post_tag","embeddable":true,"href":"https:\/\/sientetupasion.com\/index.php\/wp-json\/wp\/v2\/tags?post=12434"}],"curies":[{"name":"wp","href":"https:\/\/api.w.org\/{rel}","templated":true}]}}