{"id":12266,"date":"2025-06-13T09:07:50","date_gmt":"2025-06-13T15:07:50","guid":{"rendered":"https:\/\/sientetupasion.com\/?p=12266"},"modified":"2025-06-13T09:07:50","modified_gmt":"2025-06-13T15:07:50","slug":"celebra-gobierno-de-zacatecas-2-anos-del-programa-semillero-creativo-en-casa-cuna-placido-domingo","status":"publish","type":"post","link":"https:\/\/sientetupasion.com\/index.php\/2025\/06\/13\/celebra-gobierno-de-zacatecas-2-anos-del-programa-semillero-creativo-en-casa-cuna-placido-domingo\/","title":{"rendered":"Celebra Gobierno de Zacatecas 2 a\u00f1os del programa Semillero Creativo en Casa Cuna Pl\u00e1cido Domingo"},"content":{"rendered":"<p>\u25aa\ufe0fDurante una semana, ni\u00f1as y ni\u00f1os celebraron con actividades sensoriales y art\u00edsticas<br \/>\n\u25aa\ufe0f La Presidenta del SEDIF, Sara Hern\u00e1ndez de Monreal, expres\u00f3 su reconocimiento al equipo del Semillero Creativo y al personal de casa asistencial por su compromiso y sensibilidad<\/p>\n<p>Zacatecas, Zac., 12 de junio 2025.- El  Gobierno de Zacatecas, a trav\u00e9s del Sistema Estatal para el Desarrollo Integral de la Familia (SEDIF) conmemor\u00f3 el segundo aniversario del Semillero Creativo de Pintura, Teatro y Danza, un espacio que ha acompa\u00f1ado el desarrollo art\u00edstico y emocional de beb\u00e9s, ni\u00f1as y ni\u00f1os albergados en la Casa Cuna \u201cPl\u00e1cido Domingo\u201d.<\/p>\n<p>Durante una semana,  estas actividades sensoriales y art\u00edsticas permitieron a las infancias explorar el arte de manera libre y divertida. A trav\u00e9s del color, el movimiento, las texturas y la expresi\u00f3n corporal, reafirmaron que el arte es una herramienta para su desarrollo integral.<\/p>\n<p>La Presidenta Honor\u00edfica del SEDIF, Sara Hern\u00e1ndez de Monreal, expres\u00f3 su reconocimiento al equipo del Semillero Creativo y al personal de Casa Cuna por su compromiso y sensibilidad para brindar a las infancias espacios seguros donde puedan crecer, imaginar y expresarse.<\/p>\n<p>El Semillero forma parte de la estrategia nacional de cultura comunitaria y su implementaci\u00f3n en Casa Cuna Pl\u00e1cido Domingo ha sido ejemplo de colaboraci\u00f3n entre instituciones para poner al centro a la ni\u00f1ez, en especial a quienes se encuentran en contextos de cuidado alternativo.<\/p>\n<p>De esta manera, el Gobierno de Zacateca refrenda su compromiso de impulsar espacios que prioricen el bienestar emocional, la expresi\u00f3n art\u00edstica y el desarrollo pleno de las ni\u00f1as y ni\u00f1os bajo su resguardo.<\/p>\n<p>\u2014ooOoo\u2014<\/p>\n","protected":false},"excerpt":{"rendered":"<p>\u25aa\ufe0fDurante una semana, ni\u00f1as y ni\u00f1os celebraron con actividades sensoriales y art\u00edsticas \u25aa\ufe0f La Presidenta del SEDIF, Sara Hern\u00e1ndez de Monreal, expres\u00f3 su reconocimiento al equipo<span class=\"excerpt-hellip\"> [\u2026]<\/span><\/p>\n","protected":false},"author":2,"featured_media":12267,"comment_status":"open","ping_status":"open","sticky":false,"template":"","format":"standard","meta":{"footnotes":""},"categories":[16],"tags":[],"class_list":["post-12266","post","type-post","status-publish","format-standard","has-post-thumbnail","hentry","category-zacatecas"],"_links":{"self":[{"href":"https:\/\/sientetupasion.com\/index.php\/wp-json\/wp\/v2\/posts\/12266","targetHints":{"allow":["GET"]}}],"collection":[{"href":"https:\/\/sientetupasion.com\/index.php\/wp-json\/wp\/v2\/posts"}],"about":[{"href":"https:\/\/sientetupasion.com\/index.php\/wp-json\/wp\/v2\/types\/post"}],"author":[{"embeddable":true,"href":"https:\/\/sientetupasion.com\/index.php\/wp-json\/wp\/v2\/users\/2"}],"replies":[{"embeddable":true,"href":"https:\/\/sientetupasion.com\/index.php\/wp-json\/wp\/v2\/comments?post=12266"}],"version-history":[{"count":1,"href":"https:\/\/sientetupasion.com\/index.php\/wp-json\/wp\/v2\/posts\/12266\/revisions"}],"predecessor-version":[{"id":12268,"href":"https:\/\/sientetupasion.com\/index.php\/wp-json\/wp\/v2\/posts\/12266\/revisions\/12268"}],"wp:featuredmedia":[{"embeddable":true,"href":"https:\/\/sientetupasion.com\/index.php\/wp-json\/wp\/v2\/media\/12267"}],"wp:attachment":[{"href":"https:\/\/sientetupasion.com\/index.php\/wp-json\/wp\/v2\/media?parent=12266"}],"wp:term":[{"taxonomy":"category","embeddable":true,"href":"https:\/\/sientetupasion.com\/index.php\/wp-json\/wp\/v2\/categories?post=12266"},{"taxonomy":"post_tag","embeddable":true,"href":"https:\/\/sientetupasion.com\/index.php\/wp-json\/wp\/v2\/tags?post=12266"}],"curies":[{"name":"wp","href":"https:\/\/api.w.org\/{rel}","templated":true}]}}