{"id":12209,"date":"2025-06-12T09:22:34","date_gmt":"2025-06-12T15:22:34","guid":{"rendered":"https:\/\/sientetupasion.com\/?p=12209"},"modified":"2025-06-12T09:22:34","modified_gmt":"2025-06-12T15:22:34","slug":"participa-zacatecas-en-foro-internacional-sobre-identificacion-humana","status":"publish","type":"post","link":"https:\/\/sientetupasion.com\/index.php\/2025\/06\/12\/participa-zacatecas-en-foro-internacional-sobre-identificacion-humana\/","title":{"rendered":"Participa Zacatecas en Foro Internacional sobre identificaci\u00f3n humana"},"content":{"rendered":"\n<p>\u25aa\tEl Comisionado de B\u00fasqueda de Personas inform\u00f3 que, en el encuentro, se plante\u00f3 la necesidad de promover el intercambio de informaci\u00f3n entre pa\u00edses<br \/>\n\u25aa\tParticipan Argentina, Brasil, M\u00e9xico, Colombia, Panam\u00e1 y Estados Unidos<\/p>\n<p>Buenos Aires, Argentina, 11 de junio de 2025.- Con la participaci\u00f3n de representantes de seis pa\u00edses, este d\u00eda arranc\u00f3, en Argentina, el Investigador Forum &#8211; LATAM 2025 Desbloqueando el Pasado, Asegurando el Futuro, as\u00ed como las XXII Jornadas Anuales de la Sociedad Argentina de Gen\u00e9tica Forense, en donde participa el Comisionado Local de B\u00fasqueda de Personas Desaparecidas, Everardo Ram\u00edrez Aguayo.<\/p>\n<p>En la jornada de trabajo de este d\u00eda, dijo el Comisionado, en la que tambi\u00e9n participa Rub\u00ed S\u00e1nchez Noriega, directora General de Servicios Periciales de la Fiscal\u00eda del Estado, destac\u00f3 una propuesta muy interesante y que contribuir\u00eda de manera fundamental en el trabajo que, desde el Gobierno que encabeza el Mandatario David Monreal \u00c1vila, se lleva a cabo en materia de b\u00fasqueda de personas y de identificaci\u00f3n humana.<\/p>\n<p>En el encuentro se plante\u00f3 la necesidad de que el intercambio de informaci\u00f3n no solamente se realice al interior de los pa\u00edses, sino que \u00e9ste se ampl\u00ede con otras naciones.<\/p>\n<p>Tambi\u00e9n se abordaron temas relacionados con la implementaci\u00f3n de bases de datos de ADN para la confronta.<\/p>\n<p>Adem\u00e1s, agreg\u00f3, hubo ponencias relacionadas con la utilizaci\u00f3n de nuevos reactivos para obtener el genotipo de las personas, donde, a trav\u00e9s de un perfil gen\u00e9tico, determinan los rasgos de la persona, as\u00ed como color de ojos, altura o tipo de piel.<\/p>\n<p>Se tuvo, igualmente, un conversatorio entre expertas de diferentes pa\u00edses, en el tema de identificaci\u00f3n humana, en donde se discuti\u00f3 sobre la pertinencia de la implementaci\u00f3n de sistemas de bases de datos para el tema de investigaci\u00f3n de cr\u00edmenes y poder esclarecerlos.<\/p>\n<p>El foro tiene como prop\u00f3sito el intercambio de experiencias, la presentaci\u00f3n de avances en materia de identificaci\u00f3n humana, as\u00ed como presentar las nuevas qu\u00edmicas y herramientas para la obtenci\u00f3n de perfiles gen\u00e9ticos.<\/p>\n<p>Adem\u00e1s, realizaron una visita a la Gendarmer\u00eda Nacional de Argentina, en donde conocieron los laboratorios de gen\u00e9tica, as\u00ed como otros implementos utilizados por periciales para tener mejores resultados<\/p>\n<p>En el evento internacional participan diversas autoridades de Centroam\u00e9rica, como Brasil, Colombia, Panam\u00e1, M\u00e9xico (representantes de Zacatecas y San Luis Potos\u00ed) y Estados Unidos, as\u00ed como el pa\u00eds anfitri\u00f3n, Argentina. <\/p>\n<p>\u2014ooOoo\u2014<\/p>\n","protected":false},"excerpt":{"rendered":"<p>\u25aa El Comisionado de B\u00fasqueda de Personas inform\u00f3 que, en el encuentro, se plante\u00f3 la necesidad de promover el intercambio de informaci\u00f3n entre pa\u00edses \u25aa Participan<span class=\"excerpt-hellip\"> [\u2026]<\/span><\/p>\n","protected":false},"author":2,"featured_media":12210,"comment_status":"open","ping_status":"open","sticky":false,"template":"","format":"standard","meta":{"footnotes":""},"categories":[16],"tags":[],"class_list":["post-12209","post","type-post","status-publish","format-standard","has-post-thumbnail","hentry","category-zacatecas"],"_links":{"self":[{"href":"https:\/\/sientetupasion.com\/index.php\/wp-json\/wp\/v2\/posts\/12209","targetHints":{"allow":["GET"]}}],"collection":[{"href":"https:\/\/sientetupasion.com\/index.php\/wp-json\/wp\/v2\/posts"}],"about":[{"href":"https:\/\/sientetupasion.com\/index.php\/wp-json\/wp\/v2\/types\/post"}],"author":[{"embeddable":true,"href":"https:\/\/sientetupasion.com\/index.php\/wp-json\/wp\/v2\/users\/2"}],"replies":[{"embeddable":true,"href":"https:\/\/sientetupasion.com\/index.php\/wp-json\/wp\/v2\/comments?post=12209"}],"version-history":[{"count":1,"href":"https:\/\/sientetupasion.com\/index.php\/wp-json\/wp\/v2\/posts\/12209\/revisions"}],"predecessor-version":[{"id":12211,"href":"https:\/\/sientetupasion.com\/index.php\/wp-json\/wp\/v2\/posts\/12209\/revisions\/12211"}],"wp:featuredmedia":[{"embeddable":true,"href":"https:\/\/sientetupasion.com\/index.php\/wp-json\/wp\/v2\/media\/12210"}],"wp:attachment":[{"href":"https:\/\/sientetupasion.com\/index.php\/wp-json\/wp\/v2\/media?parent=12209"}],"wp:term":[{"taxonomy":"category","embeddable":true,"href":"https:\/\/sientetupasion.com\/index.php\/wp-json\/wp\/v2\/categories?post=12209"},{"taxonomy":"post_tag","embeddable":true,"href":"https:\/\/sientetupasion.com\/index.php\/wp-json\/wp\/v2\/tags?post=12209"}],"curies":[{"name":"wp","href":"https:\/\/api.w.org\/{rel}","templated":true}]}}