{"id":12206,"date":"2025-06-12T09:21:54","date_gmt":"2025-06-12T15:21:54","guid":{"rendered":"https:\/\/sientetupasion.com\/?p=12206"},"modified":"2025-06-12T09:21:54","modified_gmt":"2025-06-12T15:21:54","slug":"avanza-programa-de-acogimiento-familiar-en-zacatecas","status":"publish","type":"post","link":"https:\/\/sientetupasion.com\/index.php\/2025\/06\/12\/avanza-programa-de-acogimiento-familiar-en-zacatecas\/","title":{"rendered":"Avanza programa de Acogimiento Familiar en Zacatecas"},"content":{"rendered":"<p>\u25aa\ufe0f  Describen en foro detalles de la iniciativa que ofrecer\u00e1 alternativa para evitar la institucionalizaci\u00f3n de las y los albergados de casas asistenciales<br \/>\n\u25aa\ufe0f  Zacatecas se posicionar\u00e1 como una de las primeras entidades del pa\u00eds en dar un paso firme hac\u00eda la construcci\u00f3n de un sistema de protecci\u00f3n integral funcional y humano<\/p>\n<p>Zacatecas, Zac., 11 de junio 2025.- Como parte de las acciones impulsadas por el Gobierno de Zacatecas, encabezado por el mandatario David Monreal \u00c1vila, y en el contexto de la presentaci\u00f3n del proyecto Familias de Acogida, la Comisi\u00f3n de Derechos de la Ni\u00f1ez, Adolescencia, Juventud y Familia de la LXV Legislatura del Estado llev\u00f3 a cabo el Foro de Acogimiento Familiar.<\/p>\n<p>En el evento, celebrado en el Auditorio \u201cMarie Curie\u201d del Consejo Zacatecano de Ciencia Tecnolog\u00eda e Innovaci\u00f3n (Cozcyt), se describieron los detalles de la iniciativa que fue presentada por la Diputada Local Ruth Calder\u00f3n Babun, ante el pleno de la LXV Legislatura del Estado, el 8 de enero del presente a\u00f1o, en donde se busca regular la Ley de los Derechos de Ni\u00f1as, Ni\u00f1os y Adolescentes del Estado de Zacatecas, con el prop\u00f3sito de generar alternativas para evitar la institucionalizaci\u00f3n de las y los albergados de Casa Cuna y Casa Hogar para J\u00f3venes.<\/p>\n<p>La iniciativa surge gracias a la inquietud de la Presidenta Honor\u00edfica del Sistema Estatal para el Desarrollo Integral de la Familia (SEDIF), Sara Hern\u00e1ndez de Monreal, quien se ha ocupado de trabajar por el bienestar de las personas de los grupos de atenci\u00f3n prioritaria, as\u00ed lo expres\u00f3 el Director General del SEDIF, V\u00edctor Humberto de la Torre Delgado, quien agreg\u00f3 que, no se trata s\u00f3lo una reforma a la ley, sino que se transforma la posibilidad de que la ni\u00f1ez y adolescencia, v\u00edctima del abandono, pueda ser recibida en el n\u00facleo familiar. <\/p>\n<p>Asimismo, se\u00f1al\u00f3 que se trata de una estrategia integral, en el marco de las acciones del A\u00f1o del Bienestar, ya que, al mismo tiempo, se trabaja en una nueva Casa Cuna. &#8220;Eso habla del trabajo que hacemos en conjunto con los tres poderes; es la comuni\u00f3n social y as\u00ed vamos generando y logrando estos grandes momentos que impactan positivamente en la poblaci\u00f3n vulnerable&#8221;. <\/p>\n<p>El Procurador de Ni\u00f1as, Ni\u00f1os, Adolescentes y Familia del SEDIF, \u00c1lvaro Garc\u00eda Hern\u00e1ndez, destac\u00f3 la parte positiva de esta propuesta, que impactar\u00e1 tambi\u00e9n en materia de salud mental de las y los ni\u00f1os y adolescentes. &#8220;Las y los albergados, que residen durante m\u00e1s de seis meses en casas asistenciales, experimentan un da\u00f1o neurol\u00f3gico, y con esta iniciativa podr\u00e1n convivir con una familia que no es la de origen o la extensa. As\u00ed, vamos a contribuir a que tengan plenitud en salud mental y evitar el da\u00f1o neuronal&#8221;. <\/p>\n<p>Roberto Lamas Alvarado, diputado presidente de la Comisi\u00f3n de Derechos de la Ni\u00f1ez, Adolescencia, Juventud y Familia de la LXV Legislatura del Estado, inform\u00f3 que, la regulaci\u00f3n de esta figura se trabaj\u00f3 sin distingo de partidos pol\u00edticos, sino de manera institucional, fortaleciendo a la Procuradur\u00eda como instituci\u00f3n, ya que ser\u00e1 quien est\u00e9 a cargo de este proyecto.<\/p>\n<p>La diputada local Ruth Calder\u00f3n Bab\u00fan subray\u00f3 que Zacatecas se posicionar\u00e1 como una de las primeras entidades del pa\u00eds en dar un paso firme hac\u00eda la construcci\u00f3n de un sistema de protecci\u00f3n integral funcional y humano. &#8220;La mayor\u00eda de las entidades federativas carecen de legislaci\u00f3n espec\u00edfica sobre Acogimiento Familiar; s\u00f3lo Guanajuato cuenta con una regulaci\u00f3n estatal formal vigente&#8221;.<\/p>\n<p>Finalmente, la diputada local Fernanda Miranda dio lectura a los art\u00edculos y pormenores que conforman esta reforma, en donde se describen los derechos y obligaciones de las familias interesadas en ser parte del programa, as\u00ed como del actuar de las autoridades.<\/p>\n<p>En el evento, particip\u00f3 Luis Alberto Castro Mercado, juez cuarto del Ramo Familiar, y Alan Oliver L\u00f3pez Padilla, Fiscal Especializado de Derechos Humanos, Tortura y Otros Tratos o Penas Crueles Inhumanos o Degradantes.<\/p>\n<p>\u2014ooOoo\u2014<\/p>\n","protected":false},"excerpt":{"rendered":"<p>\u25aa\ufe0f Describen en foro detalles de la iniciativa que ofrecer\u00e1 alternativa para evitar la institucionalizaci\u00f3n de las y los albergados de casas asistenciales \u25aa\ufe0f Zacatecas se<span class=\"excerpt-hellip\"> [\u2026]<\/span><\/p>\n","protected":false},"author":2,"featured_media":12207,"comment_status":"open","ping_status":"open","sticky":false,"template":"","format":"standard","meta":{"footnotes":""},"categories":[16],"tags":[],"class_list":["post-12206","post","type-post","status-publish","format-standard","has-post-thumbnail","hentry","category-zacatecas"],"_links":{"self":[{"href":"https:\/\/sientetupasion.com\/index.php\/wp-json\/wp\/v2\/posts\/12206","targetHints":{"allow":["GET"]}}],"collection":[{"href":"https:\/\/sientetupasion.com\/index.php\/wp-json\/wp\/v2\/posts"}],"about":[{"href":"https:\/\/sientetupasion.com\/index.php\/wp-json\/wp\/v2\/types\/post"}],"author":[{"embeddable":true,"href":"https:\/\/sientetupasion.com\/index.php\/wp-json\/wp\/v2\/users\/2"}],"replies":[{"embeddable":true,"href":"https:\/\/sientetupasion.com\/index.php\/wp-json\/wp\/v2\/comments?post=12206"}],"version-history":[{"count":1,"href":"https:\/\/sientetupasion.com\/index.php\/wp-json\/wp\/v2\/posts\/12206\/revisions"}],"predecessor-version":[{"id":12208,"href":"https:\/\/sientetupasion.com\/index.php\/wp-json\/wp\/v2\/posts\/12206\/revisions\/12208"}],"wp:featuredmedia":[{"embeddable":true,"href":"https:\/\/sientetupasion.com\/index.php\/wp-json\/wp\/v2\/media\/12207"}],"wp:attachment":[{"href":"https:\/\/sientetupasion.com\/index.php\/wp-json\/wp\/v2\/media?parent=12206"}],"wp:term":[{"taxonomy":"category","embeddable":true,"href":"https:\/\/sientetupasion.com\/index.php\/wp-json\/wp\/v2\/categories?post=12206"},{"taxonomy":"post_tag","embeddable":true,"href":"https:\/\/sientetupasion.com\/index.php\/wp-json\/wp\/v2\/tags?post=12206"}],"curies":[{"name":"wp","href":"https:\/\/api.w.org\/{rel}","templated":true}]}}