{"id":12197,"date":"2025-06-12T09:18:21","date_gmt":"2025-06-12T15:18:21","guid":{"rendered":"https:\/\/sientetupasion.com\/?p=12197"},"modified":"2025-06-12T09:18:21","modified_gmt":"2025-06-12T15:18:21","slug":"celebrara-zacatecas-vigencia-poetica-de-ramon-lopez-velarde-en-las-xxviii-jornadas-2025-dedicadas-en-su-honor","status":"publish","type":"post","link":"https:\/\/sientetupasion.com\/index.php\/2025\/06\/12\/celebrara-zacatecas-vigencia-poetica-de-ramon-lopez-velarde-en-las-xxviii-jornadas-2025-dedicadas-en-su-honor\/","title":{"rendered":"Celebrar\u00e1 Zacatecas vigencia po\u00e9tica de Ram\u00f3n L\u00f3pez Velarde, en las XXVIII Jornadas 2025, dedicadas en su honor"},"content":{"rendered":"\n<p>\u25aa\ufe0f  Organizado por el Gobierno de Zacatecas, este programa reafirma el compromiso con la difusi\u00f3n de la literatura, el pensamiento cr\u00edtico y la relectura constante del vate jerezano<br \/>\n\u25aa\ufe0f  La escritora aguascalentense Sof\u00eda Ram\u00edrez recibir\u00e1 el Premio Iberoamericano \u201cRam\u00f3n L\u00f3pez Velarde\u201d 2025, por su destacada trayectoria y compromiso acad\u00e9mico y literario con la obra velardeana<br \/>\n\u25aa\ufe0f  Ser\u00e1n presentadas dos nuevas producciones editoriales del IZC: \u201cRam\u00f3n L\u00f3pez Velarde en Guadalajara\u201d, de Emmanuel Carballo, y \u201cConvertir lo ef\u00edmero en permanente\u201d, autor\u00eda de la propia galardonada, Sof\u00eda Ram\u00edrez<\/p>\n<p>Zacatecas, Zac., 11 de junio de 2025.- Del 18 al 20 de junio, las ciudades de Zacatecas y Jerez ser\u00e1n sede de la reflexi\u00f3n literaria y el homenaje po\u00e9tico en honor a la figura y el legado del poeta jerezano Ram\u00f3n L\u00f3pez Velarde, en el marco de las XXVIII Jornadas Lopezvelardeanas 2025.<\/p>\n<p>As\u00ed lo anunci\u00f3 la Directora del Instituto Zacatecano de Cultura (IZC) \u201cRam\u00f3n L\u00f3pez Velarde\u201d, Mar\u00eda de Jes\u00fas Mu\u00f1oz Reyes, al se\u00f1alar que la instancia que encabeza organiz\u00f3 un programa acad\u00e9mico que congrega a destacadas voces de la poes\u00eda, la cr\u00edtica y la investigaci\u00f3n literaria de M\u00e9xico. <\/p>\n<p>Con este programa -dijo- las Jornadas no s\u00f3lo rinden homenaje a la figura de Ram\u00f3n L\u00f3pez Velarde, sino que tambi\u00e9n reafirman su compromiso con la difusi\u00f3n de la literatura, el pensamiento cr\u00edtico y la relectura constante, a partir de m\u00faltiples voces y perspectivas, desde el Gobierno de Zacatecas, que encabeza el mandatario David Monreal \u00c1vila.<\/p>\n<p>Destac\u00f3 que en este marco ser\u00e1n presentadas dos nuevas producciones editoriales del IZC: \u201cRam\u00f3n L\u00f3pez Velarde en Guadalajara\u201d, obra del cr\u00edtico Emmanuel Carballo, y \u201cConvertir lo ef\u00edmero en permanente\u201d, autor\u00eda de la propia galardonada, Sof\u00eda Ram\u00edrez, una obra que indaga en la relaci\u00f3n entre la fugacidad de la expresi\u00f3n l\u00edrica y la persistencia de la memoria po\u00e9tica.<\/p>\n<p>Uno de los momentos m\u00e1s significativos ser\u00e1 la entrega del Premio Iberoamericano \u201cRam\u00f3n L\u00f3pez Velarde\u201d 2025 a la escritora e investigadora Sof\u00eda Ram\u00edrez, en reconocimiento a su labor ensay\u00edstica y su profundo compromiso con el estudio de la l\u00edrica mexicana contempor\u00e1nea.<\/p>\n<p>Programa acad\u00e9mico y editorial<\/p>\n<p>En esta edici\u00f3n, las Jornadas Lopezvelardeanas reafirman su papel como espacio esencial para el an\u00e1lisis, la cr\u00edtica y la celebraci\u00f3n de una de las voces m\u00e1s singulares de la literatura mexicana, mediante mesas de di\u00e1logo, presentaciones editoriales y el reconocimiento a una de las figuras clave del pensamiento literario actual.<\/p>\n<p>El inicio del programa acad\u00e9mico, de la edici\u00f3n 2025 de las Jornadas, contempla la mesa redonda titulada \u201cL\u00f3pez Velarde visto por los contempor\u00e1neos\u201d, donde participar\u00e1n la acad\u00e9mica Adriana \u00c1lvarez, de la Universidad Aut\u00f3noma de Aguascalientes, y los poetas Luis Alberto Navarro y Jorge Humberto Ch\u00e1vez, quienes compartir\u00e1n sus visiones sobre la vigencia est\u00e9tica y cr\u00edtica del poeta jerezano. La mesa ser\u00e1 moderada por Zoar Rom\u00e1n.<\/p>\n<p>Ese mismo d\u00eda, 18 de junio,  se llevar\u00e1 a cabo la presentaci\u00f3n editorial de \u201cConvertir lo ef\u00edmero en permanente\u201d, obra de la escritora Sof\u00eda Ram\u00edrez. Este libro recoge una serie de reflexiones y ensayos que vinculan la poes\u00eda con los procesos de memoria y permanencia cultural. La presentaci\u00f3n estar\u00e1 a cargo de Karen Salazar y Joel Grijalva.<\/p>\n<p>Premio Iberoamericano \u201cRam\u00f3n L\u00f3pez Velarde\u201d 2025<\/p>\n<p>El programa continuar\u00e1 el jueves 19 de junio, en el Teatro Hinojosa de la ciudad de Jerez, con uno de los momentos m\u00e1s esperados del encuentro: la entrega del Premio Iberoamericano \u201cRam\u00f3n L\u00f3pez Velarde\u201d 2025, que este a\u00f1o ser\u00e1 conferido a Sof\u00eda Ram\u00edrez por su trayectoria como investigadora y difusora de la literatura mexicana. <\/p>\n<p>En la ceremonia participar\u00e1n autoridades culturales, escritores y miembros del comit\u00e9 dictaminador, cuya alocuci\u00f3n estar\u00e1 a cargo de Zoar Rom\u00e1n, representante del Comit\u00e9 Honor\u00edfico del Premio.<\/p>\n<p>En Zacatecas, ese mismo d\u00eda, a las 18:00 horas, el escritor Jos\u00e9 Manuel Cu\u00e9llar ofrecer\u00e1 la charla titulada \u201cHerir en lo sensible: Paz, Uranga y Ram\u00f3n L\u00f3pez Velarde\u201d, en la que abordar\u00e1 los v\u00ednculos tem\u00e1ticos y estil\u00edsticos entre estos tres autores fundamentales de la literatura mexicana, cuya presentaci\u00f3n estar\u00e1 a cargo de la poeta Ver\u00f3nica G. Arredondo. <\/p>\n<p>M\u00e1s tarde, a las 19:15 horas, se desarrollar\u00e1 un di\u00e1logo entre Sof\u00eda Ram\u00edrez y el poeta Marco Antonio Campos, ganador del Premio Iberoamericano en 2011, en torno al tema \u201cRam\u00f3n L\u00f3pez Velarde en Aguascalientes: los nuevos paradigmas\u201d. Esta conversaci\u00f3n, que promete nuevas lecturas y perspectivas, ser\u00e1 moderada por J\u00e1nea Estrada Lazar\u00edn.<\/p>\n<p>Las jornadas concluir\u00e1n el viernes 20 de junio en el Antiguo Templo de San Agust\u00edn, en Zacatecas. A las 18:00 horas, se realizar\u00e1 la mesa redonda \u201cRam\u00f3n L\u00f3pez Velarde por las mujeres\u201d, en la que participar\u00e1n destacadas escritoras como Sof\u00eda Ram\u00edrez, Yamileth Fajardo, Ver\u00f3nica G. Arredondo y Brenda Ortiz-Coss, evento que busca ofrecer una lectura cr\u00edtica del poeta, desde una perspectiva de g\u00e9nero y sensibilidad contempor\u00e1nea.<\/p>\n<p>Finalmente, a las 19:00 horas, ser\u00e1 presentada la obra \u201cRam\u00f3n L\u00f3pez Velarde en Guadalajara\u201d, de Emmanuel Carballo, una publicaci\u00f3n que recoge apuntes, ensayos y cr\u00f3nicas sobre la huella del poeta en esa ciudad. El libro ser\u00e1 comentado por el escritor Ernesto Lumbreras, galardonado con el Premio Iberoamericano en 2021, y el periodista cultural Juan Jos\u00e9 Do\u00f1\u00e1n.<\/p>\n<p>\u2014ooOoo\u2014<\/p>\n","protected":false},"excerpt":{"rendered":"<p>\u25aa\ufe0f Organizado por el Gobierno de Zacatecas, este programa reafirma el compromiso con la difusi\u00f3n de la literatura, el pensamiento cr\u00edtico y la relectura constante del<span class=\"excerpt-hellip\"> [\u2026]<\/span><\/p>\n","protected":false},"author":2,"featured_media":12198,"comment_status":"open","ping_status":"open","sticky":false,"template":"","format":"standard","meta":{"footnotes":""},"categories":[16],"tags":[],"class_list":["post-12197","post","type-post","status-publish","format-standard","has-post-thumbnail","hentry","category-zacatecas"],"_links":{"self":[{"href":"https:\/\/sientetupasion.com\/index.php\/wp-json\/wp\/v2\/posts\/12197","targetHints":{"allow":["GET"]}}],"collection":[{"href":"https:\/\/sientetupasion.com\/index.php\/wp-json\/wp\/v2\/posts"}],"about":[{"href":"https:\/\/sientetupasion.com\/index.php\/wp-json\/wp\/v2\/types\/post"}],"author":[{"embeddable":true,"href":"https:\/\/sientetupasion.com\/index.php\/wp-json\/wp\/v2\/users\/2"}],"replies":[{"embeddable":true,"href":"https:\/\/sientetupasion.com\/index.php\/wp-json\/wp\/v2\/comments?post=12197"}],"version-history":[{"count":1,"href":"https:\/\/sientetupasion.com\/index.php\/wp-json\/wp\/v2\/posts\/12197\/revisions"}],"predecessor-version":[{"id":12199,"href":"https:\/\/sientetupasion.com\/index.php\/wp-json\/wp\/v2\/posts\/12197\/revisions\/12199"}],"wp:featuredmedia":[{"embeddable":true,"href":"https:\/\/sientetupasion.com\/index.php\/wp-json\/wp\/v2\/media\/12198"}],"wp:attachment":[{"href":"https:\/\/sientetupasion.com\/index.php\/wp-json\/wp\/v2\/media?parent=12197"}],"wp:term":[{"taxonomy":"category","embeddable":true,"href":"https:\/\/sientetupasion.com\/index.php\/wp-json\/wp\/v2\/categories?post=12197"},{"taxonomy":"post_tag","embeddable":true,"href":"https:\/\/sientetupasion.com\/index.php\/wp-json\/wp\/v2\/tags?post=12197"}],"curies":[{"name":"wp","href":"https:\/\/api.w.org\/{rel}","templated":true}]}}