{"id":12166,"date":"2025-06-11T17:31:28","date_gmt":"2025-06-11T23:31:28","guid":{"rendered":"https:\/\/sientetupasion.com\/?p=12166"},"modified":"2025-06-11T17:31:28","modified_gmt":"2025-06-11T23:31:28","slug":"jose-narro-cespedes-encabeza-homenaje-al-general-vallin-osuna-en-la-camara-de-diputados","status":"publish","type":"post","link":"https:\/\/sientetupasion.com\/index.php\/2025\/06\/11\/jose-narro-cespedes-encabeza-homenaje-al-general-vallin-osuna-en-la-camara-de-diputados\/","title":{"rendered":"Jos\u00e9 Narro C\u00e9spedes encabeza homenaje al General Vall\u00edn Osuna en la C\u00e1mara de Diputados"},"content":{"rendered":"<p>Ciudad de M\u00e9xico \u2014 En un acto solemne celebrado en el Sal\u00f3n de Legisladores de la C\u00e1mara de Diputados, el diputado Jos\u00e9 Narro C\u00e9spedes encabez\u00f3 una ceremonia conmemorativa en honor al General Miguel Enrique Vall\u00edn Osuna, actual Director General de la Agencia Federal de Aviaci\u00f3n Civil (AFAC).<\/p>\n<p>El evento tuvo como prop\u00f3sito reconocer la ejemplar trayectoria del General Vall\u00edn Osuna, quien ha dedicado su vida al fortalecimiento y defensa de la soberan\u00eda a\u00e9rea de M\u00e9xico. Con una destacada carrera en el \u00e1mbito militar y de seguridad nacional, ha desempe\u00f1ado importantes cargos como Comandante de la Fuerza A\u00e9rea Mexicana y Director de Transportes A\u00e9reos en la Guardia Nacional.<\/p>\n<p>Durante su intervenci\u00f3n, el General Vall\u00edn expres\u00f3 que espacios como este deben servir para rendir homenaje a quienes, con disciplina, vocaci\u00f3n de servicio y entrega, contribuyen a la construcci\u00f3n de un pa\u00eds m\u00e1s justo, m\u00e1s fuerte y plenamente soberano.<\/p>\n<p>El diputado Narro C\u00e9spedes subray\u00f3 la importancia de reconocer a quienes han servido con honor y compromiso a la naci\u00f3n, y destac\u00f3 que el legado del General Vall\u00edn es un ejemplo de liderazgo, responsabilidad y patriotismo.<\/p>\n<p>La ceremonia concluy\u00f3 con un emotivo aplauso en honor al homenajeado, reafirmando el reconocimiento institucional a quienes trabajan por el bienestar y la seguridad del pueblo de M\u00e9xico.<\/p>\n","protected":false},"excerpt":{"rendered":"<p>Ciudad de M\u00e9xico \u2014 En un acto solemne celebrado en el Sal\u00f3n de Legisladores de la C\u00e1mara de Diputados, el diputado Jos\u00e9 Narro C\u00e9spedes encabez\u00f3 una<span class=\"excerpt-hellip\"> [\u2026]<\/span><\/p>\n","protected":false},"author":2,"featured_media":12167,"comment_status":"open","ping_status":"open","sticky":false,"template":"","format":"standard","meta":{"footnotes":""},"categories":[8],"tags":[],"class_list":["post-12166","post","type-post","status-publish","format-standard","has-post-thumbnail","hentry","category-politica"],"_links":{"self":[{"href":"https:\/\/sientetupasion.com\/index.php\/wp-json\/wp\/v2\/posts\/12166","targetHints":{"allow":["GET"]}}],"collection":[{"href":"https:\/\/sientetupasion.com\/index.php\/wp-json\/wp\/v2\/posts"}],"about":[{"href":"https:\/\/sientetupasion.com\/index.php\/wp-json\/wp\/v2\/types\/post"}],"author":[{"embeddable":true,"href":"https:\/\/sientetupasion.com\/index.php\/wp-json\/wp\/v2\/users\/2"}],"replies":[{"embeddable":true,"href":"https:\/\/sientetupasion.com\/index.php\/wp-json\/wp\/v2\/comments?post=12166"}],"version-history":[{"count":1,"href":"https:\/\/sientetupasion.com\/index.php\/wp-json\/wp\/v2\/posts\/12166\/revisions"}],"predecessor-version":[{"id":12168,"href":"https:\/\/sientetupasion.com\/index.php\/wp-json\/wp\/v2\/posts\/12166\/revisions\/12168"}],"wp:featuredmedia":[{"embeddable":true,"href":"https:\/\/sientetupasion.com\/index.php\/wp-json\/wp\/v2\/media\/12167"}],"wp:attachment":[{"href":"https:\/\/sientetupasion.com\/index.php\/wp-json\/wp\/v2\/media?parent=12166"}],"wp:term":[{"taxonomy":"category","embeddable":true,"href":"https:\/\/sientetupasion.com\/index.php\/wp-json\/wp\/v2\/categories?post=12166"},{"taxonomy":"post_tag","embeddable":true,"href":"https:\/\/sientetupasion.com\/index.php\/wp-json\/wp\/v2\/tags?post=12166"}],"curies":[{"name":"wp","href":"https:\/\/api.w.org\/{rel}","templated":true}]}}