{"id":12088,"date":"2025-06-11T07:03:19","date_gmt":"2025-06-11T13:03:19","guid":{"rendered":"https:\/\/sientetupasion.com\/?p=12088"},"modified":"2025-06-11T07:03:19","modified_gmt":"2025-06-11T13:03:19","slug":"llevan-gobiernos-de-mexico-y-de-zacatecas-jornadas-de-paz-y-bienestar-a-calera","status":"publish","type":"post","link":"https:\/\/sientetupasion.com\/index.php\/2025\/06\/11\/llevan-gobiernos-de-mexico-y-de-zacatecas-jornadas-de-paz-y-bienestar-a-calera\/","title":{"rendered":"Llevan gobiernos de M\u00e9xico y de Zacatecas Jornadas de Paz y Bienestar a Calera"},"content":{"rendered":"<p>\u25aa\ufe0fLas actividades forman parte de la atenci\u00f3n de las causas de la violencia y la delincuencia, que impulsan la Presidenta Claudia Sheinbaum Pardo y el Gobernador David Monreal \u00c1vila<br \/>\n\u25aa\ufe0fEl Secretario General de Gobierno, Rodrigo Reyes Mug\u00fcerza resalt\u00f3 avances en materia de seguridad y la importancia de trabajar en la reconstrucci\u00f3n el tejido social<\/p>\n<p>Calera, Zac., 10 de junio de 2025.- Con el prop\u00f3sito de sensibilizar y acercar a la ciudadan\u00eda actividades de proximidad social, cultura de la paz y el autocuidado, este martes, los gobiernos de M\u00e9xico y de Zacatecas, que encabezan la Presidenta Claudia Sheinbaum Pardo y el Mandatario David Monreal \u00c1vila, llevaron a cabo las Jornadas de la Paz y el Bienestar, como parte de las acciones que buscan atacar las causas ra\u00edz de la violencia y la delincuencia.<\/p>\n<p>Durante el evento, en el que participaron alumnos y padres de familia de las escuelas primarias Jes\u00fas Gonz\u00e1lez Ortega y Colegio Motolinia, el Secretario General de Gobierno, Rodrigo Reyes Mug\u00fcerza, destac\u00f3 los avances que se tienen en materia de seguridad y la importancia de impulsar este tipo de acciones, alineadas con el Gobierno de M\u00e9xico para fortalecer el proceso de pacificaci\u00f3n que se emprende en el pa\u00eds y en Zacatecas.<\/p>\n<p>Estas acciones, explic\u00f3 durante las actividades realizadas en la cancha de b\u00e1squetbol, ubicada en el domo Arroyo de Matamoros, forman parte del compromiso del Titular del Ejecutivo para fortalecer la prevenci\u00f3n social del delito, fomentar la paz y el bienestar en la ciudadan\u00eda y consolidar una agenda p\u00fablica centrada en la participaci\u00f3n activa de la sociedad para consolidar la pacificaci\u00f3n del estado.<\/p>\n<p>El Secretario General de Gobierno dialog\u00f3 y convivi\u00f3 con las y los asistentes a las jornadas de Paz y Bienestar, a trav\u00e9s de las cuales se impulsan acciones que contribuyan en la reconstrucci\u00f3n del tejido social y el fomento de los valores.<\/p>\n<p>Como parte de las Jornadas, se instalaron m\u00f3dulos de atenci\u00f3n m\u00e9dica, dental, corte de pelo, reparaci\u00f3n de electrodom\u00e9sticos, actividades l\u00fadicas y juegos dirigidos a las y los menores asistentes.<\/p>\n<p>En las actividades realizadas este d\u00eda, en las que tambi\u00e9n se cont\u00f3 con la presencia del alcalde Miguel \u00c1ngel Murillo Garc\u00eda, participaron las secretar\u00edas General de Gobierno, de Seguridad P\u00fablica, de Agua y Medio Ambiente, de Salud, de las Mujeres, la Fiscal\u00eda General de Justicia del Estado, la Comisi\u00f3n de Derechos Humanos del Estado de Zacatecas, el Consejo Zacatecano de Ciencia, Tecnolog\u00eda e Innovaci\u00f3n, el Centro de Integraci\u00f3n Juvenil, el Ej\u00e9rcito Mexicano y la Guardia Nacional.<\/p>\n<p>\u2014ooOoo\u2014<\/p>\n","protected":false},"excerpt":{"rendered":"<p>\u25aa\ufe0fLas actividades forman parte de la atenci\u00f3n de las causas de la violencia y la delincuencia, que impulsan la Presidenta Claudia Sheinbaum Pardo y el Gobernador<span class=\"excerpt-hellip\"> [\u2026]<\/span><\/p>\n","protected":false},"author":2,"featured_media":12089,"comment_status":"open","ping_status":"open","sticky":false,"template":"","format":"standard","meta":{"footnotes":""},"categories":[16],"tags":[],"class_list":["post-12088","post","type-post","status-publish","format-standard","has-post-thumbnail","hentry","category-zacatecas"],"_links":{"self":[{"href":"https:\/\/sientetupasion.com\/index.php\/wp-json\/wp\/v2\/posts\/12088","targetHints":{"allow":["GET"]}}],"collection":[{"href":"https:\/\/sientetupasion.com\/index.php\/wp-json\/wp\/v2\/posts"}],"about":[{"href":"https:\/\/sientetupasion.com\/index.php\/wp-json\/wp\/v2\/types\/post"}],"author":[{"embeddable":true,"href":"https:\/\/sientetupasion.com\/index.php\/wp-json\/wp\/v2\/users\/2"}],"replies":[{"embeddable":true,"href":"https:\/\/sientetupasion.com\/index.php\/wp-json\/wp\/v2\/comments?post=12088"}],"version-history":[{"count":1,"href":"https:\/\/sientetupasion.com\/index.php\/wp-json\/wp\/v2\/posts\/12088\/revisions"}],"predecessor-version":[{"id":12090,"href":"https:\/\/sientetupasion.com\/index.php\/wp-json\/wp\/v2\/posts\/12088\/revisions\/12090"}],"wp:featuredmedia":[{"embeddable":true,"href":"https:\/\/sientetupasion.com\/index.php\/wp-json\/wp\/v2\/media\/12089"}],"wp:attachment":[{"href":"https:\/\/sientetupasion.com\/index.php\/wp-json\/wp\/v2\/media?parent=12088"}],"wp:term":[{"taxonomy":"category","embeddable":true,"href":"https:\/\/sientetupasion.com\/index.php\/wp-json\/wp\/v2\/categories?post=12088"},{"taxonomy":"post_tag","embeddable":true,"href":"https:\/\/sientetupasion.com\/index.php\/wp-json\/wp\/v2\/tags?post=12088"}],"curies":[{"name":"wp","href":"https:\/\/api.w.org\/{rel}","templated":true}]}}