{"id":12028,"date":"2025-06-10T06:26:02","date_gmt":"2025-06-10T12:26:02","guid":{"rendered":"https:\/\/sientetupasion.com\/?p=12028"},"modified":"2025-06-10T06:26:02","modified_gmt":"2025-06-10T12:26:02","slug":"ofertan-mas-de-400-vacantes-en-feria-nacional-del-empleo-de-la-diversidad-y-la-inclusion-laboral-en-zacatecas","status":"publish","type":"post","link":"https:\/\/sientetupasion.com\/index.php\/2025\/06\/10\/ofertan-mas-de-400-vacantes-en-feria-nacional-del-empleo-de-la-diversidad-y-la-inclusion-laboral-en-zacatecas\/","title":{"rendered":"Ofertan m\u00e1s de 400 vacantes en Feria Nacional del Empleo de la Diversidad y la Inclusi\u00f3n Laboral en Zacatecas"},"content":{"rendered":"<p>\u25aa\ufe0fM\u00e1s de 21 empresas se sumaron a esta jornada, con vacantes en sectores estrat\u00e9gicos como el industrial, minero, transporte, comercio y servicios<br \/>\n\u25aa\ufe0fA trav\u00e9s de la firma de un convenio entre las secretar\u00edas de Econom\u00eda y de Turismo, as\u00ed como la CDHEZ, se reafirma compromiso del Gobierno de Zacatecas con la inclusi\u00f3n, la igualdad de oportunidades y el respeto a los derechos laborales<\/p>\n<p>Zacatecas, Zac., 9 de junio de 2025.- M\u00e1s de 400 vacantes en sectores estrat\u00e9gicos como el industrial, minero, transporte, comercio y servicios fueron ofertadas por m\u00e1s de 21 empresas, que se sumaron a la Feria Nacional del Empleo de la Diversidad y la Inclusi\u00f3n Laboral, realizada este d\u00eda en la Plaza Bicentenario, de la capital zacatecana, en atenci\u00f3n a la visi\u00f3n humanista del Gobernador David Monreal \u00c1vila y como parte del Plan M\u00e9xico, impulsado por la Presidenta de la Rep\u00fablica, Claudia Sheinbaum Pardo.<\/p>\n<p>Durante el evento, organizado por el Gobierno de Zacatecas, a trav\u00e9s de la Secretar\u00eda de Econom\u00eda y la Subsecretar\u00eda del Servicio Nacional del Empleo, cientos de buscadoras y buscadores de empleo tuvieron la oportunidad de interactuar directamente con representantes de las empresas participantes, a fin de presentar sus competencias laborales y participar en entrevistas que facilitaron el proceso de contrataci\u00f3n.<\/p>\n<p>Adem\u00e1s, se cont\u00f3 con m\u00f3dulos informativos de instituciones clave como el Instituto Mexicano del Seguro Social (IMSS), J\u00f3venes Construyendo el Futuro, IMSS Bienestar, Fondo Plata y Movilidad Laboral, que brindaron orientaci\u00f3n y servicios de apoyo a las y los asistentes.<\/p>\n<p>El evento fue encabezado por el Secretario de Turismo, Le Roy Barrag\u00e1n Ocampo, en representaci\u00f3n del Gobernador David Monreal \u00c1vila, as\u00ed como por Jorge Miranda Castro, secretario de Econom\u00eda, y Maricela Dimas Reveles, presidenta de la Comisi\u00f3n de Derechos Humanos del Estado de Zacatecas (CDHEZ), quienes firmaron un convenio de colaboraci\u00f3n para establecer compromisos y pol\u00edticas p\u00fablicas a favor de la inclusi\u00f3n, la igualdad de oportunidades y el respeto a los derechos laborales.<\/p>\n<p>En representaci\u00f3n del Gobernador David Monreal \u00c1vila, el Secretario de Turismo, Le Roy Barrag\u00e1n Ocampo, reconoci\u00f3 la importancia de promover entornos laborales incluyentes y con igualdad de oportunidades para todas las personas.<\/p>\n<p>\u201cEventos como \u00e9ste reflejan el compromiso del Gobierno que encabeza el mandatario David Monreal \u00c1vila por construir un Zacatecas m\u00e1s justo y humano, donde cada persona tenga la posibilidad de desarrollarse plenamente, sin importar su condici\u00f3n\u201d, expres\u00f3 el funcionario.<\/p>\n<p>El Secretario de Econom\u00eda, Jorge Miranda Castro, reiter\u00f3 la importancia de generar espacios inclusivos y con igualdad de oportunidades. \u201cEstamos convencidos de que la inclusi\u00f3n no es una concesi\u00f3n, sino un derecho. Esta feria representa el compromiso de nuestro gobierno por construir un Zacatecas m\u00e1s justo, equitativo y con oportunidades reales para todas y todos\u201d, expres\u00f3.<\/p>\n<p>Bajo la gu\u00eda del Gobernador David Monreal \u00c1vila, a\u00f1adi\u00f3, continuaremos trabajando para que el talento zacatecano tenga siempre un lugar digno en el desarrollo econ\u00f3mico de nuestro estado.<\/p>\n<p>Maricela Dimas Reveles, presidenta de la Comisi\u00f3n de Derechos Humanos del Estado de Zacatecas (CDHEZ), reconoci\u00f3 la importancia de este tipo de iniciativas para garantizar el ejercicio pleno de los derechos laborales de todas las personas, especialmente de quienes hist\u00f3ricamente han enfrentado barreras de acceso.<\/p>\n<p>\u201cEsta feria representa un paso firme hacia un mercado laboral m\u00e1s incluyente. Desde la CDHEZ celebramos que el gobierno estatal promueva acciones que abran puertas a quienes han sido excluidos o discriminados, y reiteramos nuestra disposici\u00f3n para seguir colaborando en la construcci\u00f3n de espacios laborales con respeto, igualdad y dignidad humana.\u201d<\/p>\n<p>La Feria de Empleo reafirma el compromiso del Gobierno del Estado por consolidar un entorno laboral incluyente, accesible y con justicia social, donde la diversidad sea reconocida como un valor que fortalece el crecimiento colectivo.<\/p>\n<p>\u2014ooOoo\u2014<\/p>\n","protected":false},"excerpt":{"rendered":"<p>\u25aa\ufe0fM\u00e1s de 21 empresas se sumaron a esta jornada, con vacantes en sectores estrat\u00e9gicos como el industrial, minero, transporte, comercio y servicios \u25aa\ufe0fA trav\u00e9s de la<span class=\"excerpt-hellip\"> [\u2026]<\/span><\/p>\n","protected":false},"author":2,"featured_media":12029,"comment_status":"open","ping_status":"open","sticky":false,"template":"","format":"standard","meta":{"footnotes":""},"categories":[16],"tags":[],"class_list":["post-12028","post","type-post","status-publish","format-standard","has-post-thumbnail","hentry","category-zacatecas"],"_links":{"self":[{"href":"https:\/\/sientetupasion.com\/index.php\/wp-json\/wp\/v2\/posts\/12028","targetHints":{"allow":["GET"]}}],"collection":[{"href":"https:\/\/sientetupasion.com\/index.php\/wp-json\/wp\/v2\/posts"}],"about":[{"href":"https:\/\/sientetupasion.com\/index.php\/wp-json\/wp\/v2\/types\/post"}],"author":[{"embeddable":true,"href":"https:\/\/sientetupasion.com\/index.php\/wp-json\/wp\/v2\/users\/2"}],"replies":[{"embeddable":true,"href":"https:\/\/sientetupasion.com\/index.php\/wp-json\/wp\/v2\/comments?post=12028"}],"version-history":[{"count":1,"href":"https:\/\/sientetupasion.com\/index.php\/wp-json\/wp\/v2\/posts\/12028\/revisions"}],"predecessor-version":[{"id":12030,"href":"https:\/\/sientetupasion.com\/index.php\/wp-json\/wp\/v2\/posts\/12028\/revisions\/12030"}],"wp:featuredmedia":[{"embeddable":true,"href":"https:\/\/sientetupasion.com\/index.php\/wp-json\/wp\/v2\/media\/12029"}],"wp:attachment":[{"href":"https:\/\/sientetupasion.com\/index.php\/wp-json\/wp\/v2\/media?parent=12028"}],"wp:term":[{"taxonomy":"category","embeddable":true,"href":"https:\/\/sientetupasion.com\/index.php\/wp-json\/wp\/v2\/categories?post=12028"},{"taxonomy":"post_tag","embeddable":true,"href":"https:\/\/sientetupasion.com\/index.php\/wp-json\/wp\/v2\/tags?post=12028"}],"curies":[{"name":"wp","href":"https:\/\/api.w.org\/{rel}","templated":true}]}}