{"id":12012,"date":"2025-06-09T19:37:04","date_gmt":"2025-06-10T01:37:04","guid":{"rendered":"https:\/\/sientetupasion.com\/?p=12012"},"modified":"2025-06-09T19:37:04","modified_gmt":"2025-06-10T01:37:04","slug":"libertad-de-expresion-sin-miedo-sin-censura-con-valentia","status":"publish","type":"post","link":"https:\/\/sientetupasion.com\/index.php\/2025\/06\/09\/libertad-de-expresion-sin-miedo-sin-censura-con-valentia\/","title":{"rendered":"LIBERTAD DE EXPRESI\u00d3N: SIN MIEDO, SIN CENSURA, CON VALENT\u00cdA"},"content":{"rendered":"<p>Con motivo del D\u00eda de la Libertad de Expresi\u00f3n, el Coordinador Operativo Estatal de Movimiento Ciudadano, Juan del Real, encabez\u00f3 una conferencia de prensa donde reconoci\u00f3 p\u00fablicamente el valor, la entrega y la responsabilidad con la que periodistas zacatecanos ejercen su labor en un contexto cada vez m\u00e1s desafiante.<\/p>\n<p>\u201cEn Movimiento Ciudadano reconocemos a quienes informan con \u00e9tica, profesionalismo y valent\u00eda. Su trabajo no solo construye ciudadan\u00eda, tambi\u00e9n fortalece la democracia\u201d, expres\u00f3. Asegur\u00f3 que el movimiento tiene un compromiso firme con la defensa de la libertad de expresi\u00f3n, entendida no como una concesi\u00f3n, sino como un derecho humano que debe protegerse sin titubeos.<\/p>\n<p>Juan del Real reafirm\u00f3 que no hay democracia sin prensa libre, ni ciudadan\u00eda informada sin acceso a informaci\u00f3n plural y veraz. \u201cRechazamos toda forma de censura, violencia o amenaza contra quienes ejercen el periodismo. Exigimos garant\u00edas, respeto y condiciones dignas para su ejercicio profesional\u201d, puntualiz\u00f3.<\/p>\n<p>Adem\u00e1s, destac\u00f3 que Movimiento Ciudadano promueve una agenda legislativa centrada en la transparencia, la rendici\u00f3n de cuentas y el di\u00e1logo abierto con los medios. \u201cEstamos convencidos de que cuando se protege la libertad de expresi\u00f3n, se protege la posibilidad de construir un mejor Zacatecas, con m\u00e1s justicia y m\u00e1s verdad\u201d, concluy\u00f3.<\/p>\n<p>En ese mismo sentido, la Presidenta del Consejo Estatal, Mar\u00eda Teresa Villegas, subray\u00f3 que la defensa de la libertad de expresi\u00f3n es una causa permanente del movimiento. \u201cNo hay ciudadan\u00eda libre si no hay informaci\u00f3n libre. Reconocemos a las y los periodistas que no bajan la voz ante la presi\u00f3n ni ante el miedo. Son esenciales para que la sociedad exija, decida y participe\u201d, expres\u00f3.<\/p>\n<p>Por su parte, la diputada ciudadana Ana Mar\u00eda Romo Fonseca present\u00f3 un exhorto al Senado de la Rep\u00fablica para que se replantee la reforma a la Ley de Telecomunicaciones y Radiodifusi\u00f3n, la cual podr\u00eda representar un retroceso en los derechos digitales si se aprueba en sus t\u00e9rminos actuales.<\/p>\n<p>En sinton\u00eda, el diputado Marco Vinicio Flores Guerrero propuso derogar figuras penales como el halconeo, los ultrajes y la calumnia, que hist\u00f3ricamente se han utilizado para acallar voces cr\u00edticas.<\/p>\n<p>Desde Movimiento Ciudadano se refrenda la convicci\u00f3n de que sin libertad no hay democracia, y que todas las voces deben ser escuchadas, respetadas y protegidas.<\/p>\n<p>Al evento asistieron la Coordinadora de Regod@s, Fany Flores; las regidoras Astrid Jayme Maga\u00f1a de La capital y Laura Ruelas de Guadalupe.<\/p>\n<p>\ud83e\udde1 Con la gente todo, sin la gente nada.<br \/>\n\ud83e\udde1 \u00a1S\u00ed a la libertad de expresi\u00f3n, no a la censura disfrazada!<\/p>\n","protected":false},"excerpt":{"rendered":"<p>Con motivo del D\u00eda de la Libertad de Expresi\u00f3n, el Coordinador Operativo Estatal de Movimiento Ciudadano, Juan del Real, encabez\u00f3 una conferencia de prensa donde reconoci\u00f3<span class=\"excerpt-hellip\"> [\u2026]<\/span><\/p>\n","protected":false},"author":2,"featured_media":12013,"comment_status":"open","ping_status":"open","sticky":false,"template":"","format":"standard","meta":{"footnotes":""},"categories":[8],"tags":[],"class_list":["post-12012","post","type-post","status-publish","format-standard","has-post-thumbnail","hentry","category-politica"],"_links":{"self":[{"href":"https:\/\/sientetupasion.com\/index.php\/wp-json\/wp\/v2\/posts\/12012","targetHints":{"allow":["GET"]}}],"collection":[{"href":"https:\/\/sientetupasion.com\/index.php\/wp-json\/wp\/v2\/posts"}],"about":[{"href":"https:\/\/sientetupasion.com\/index.php\/wp-json\/wp\/v2\/types\/post"}],"author":[{"embeddable":true,"href":"https:\/\/sientetupasion.com\/index.php\/wp-json\/wp\/v2\/users\/2"}],"replies":[{"embeddable":true,"href":"https:\/\/sientetupasion.com\/index.php\/wp-json\/wp\/v2\/comments?post=12012"}],"version-history":[{"count":1,"href":"https:\/\/sientetupasion.com\/index.php\/wp-json\/wp\/v2\/posts\/12012\/revisions"}],"predecessor-version":[{"id":12014,"href":"https:\/\/sientetupasion.com\/index.php\/wp-json\/wp\/v2\/posts\/12012\/revisions\/12014"}],"wp:featuredmedia":[{"embeddable":true,"href":"https:\/\/sientetupasion.com\/index.php\/wp-json\/wp\/v2\/media\/12013"}],"wp:attachment":[{"href":"https:\/\/sientetupasion.com\/index.php\/wp-json\/wp\/v2\/media?parent=12012"}],"wp:term":[{"taxonomy":"category","embeddable":true,"href":"https:\/\/sientetupasion.com\/index.php\/wp-json\/wp\/v2\/categories?post=12012"},{"taxonomy":"post_tag","embeddable":true,"href":"https:\/\/sientetupasion.com\/index.php\/wp-json\/wp\/v2\/tags?post=12012"}],"curies":[{"name":"wp","href":"https:\/\/api.w.org\/{rel}","templated":true}]}}