{"id":12009,"date":"2025-06-09T19:35:05","date_gmt":"2025-06-10T01:35:05","guid":{"rendered":"https:\/\/sientetupasion.com\/?p=12009"},"modified":"2025-06-09T19:35:05","modified_gmt":"2025-06-10T01:35:05","slug":"redadas-de-trump-violan-los-derechos-humanos-monreal","status":"publish","type":"post","link":"https:\/\/sientetupasion.com\/index.php\/2025\/06\/09\/redadas-de-trump-violan-los-derechos-humanos-monreal\/","title":{"rendered":"REDADAS DE TRUMP VIOLAN LOS DERECHOS HUMANOS: MONREAL"},"content":{"rendered":"<p>No tengo ninguna diferencia con mi hermano, el<br \/>\ngobernador de Zacatecas, pero no podo cegarme<br \/>\na los problemas que hay en el Estado, lo \u00fanico que<br \/>\npedimos es m\u00e1s empat\u00eda para resolverlos: SMA<\/p>\n<p>ZACATECAS, ZAC.- El Senador de la Rep\u00fablica, Sa\u00fal Monreal \u00c1vila reproch\u00f3 las redadas y detenci\u00f3n arbitraria de los migrantes, mayoritariamente mexicanos, que son violatorias de los derechos Humano por parte del Gobierno de los Estados Unidos para que respete a los migrantes, en su mayor\u00eda nuestros connacionales, en cualquier condici\u00f3n migratoria en que se encentran. \u201cEstas redadas las reprobamos en cualquiera de sus manifestaciones, no puede ser posible este tipo de acciones en pleno Siglo XXI\u201d.<br \/>\n\u201cDesde aqu\u00ed hacemos un en\u00e9rgico llamado al gobierno del presidente Donald Trump para que cesen las redadas contra los migrantes que tanto aportan a la econom\u00eda de EU, estas acciones de meter a la Guardia Nacional no son dignas de un buen pa\u00eds vecino, de pa\u00edses unidos por la historia y socios comerciales estrat\u00e9gicos\u201d, reclam\u00f3 el senador Monreal \u00c1vila.<br \/>\nSe\u00f1al\u00f3, Sa\u00fal Monreal que Estados Unidos no le est\u00e1 midiendo bien a las cosas, no quieren reconocer la aportaci\u00f3n de las comunidades migrantes a la fortaleza del pa\u00eds vecino. \u201cLos propios gringos, como sociedad, est\u00e1n rechazando las redadas, que lo \u00fanico que provocan es el enojo mundial, es reprobable que traten as\u00ed a seres humanos, ve\u00eda unas im\u00e1genes desgarradoras, no se vale, rechazamos tajantemente esa pol\u00edtica de criminalizaci\u00f3n, los migrantes aportan mucho al vecino pa\u00eds\u201d.<br \/>\nComo integrante en el Senado de la Republica y de la Comisi\u00f3n de Relaciones Exteriores vamos a utilizar la tribuna para reclamar ese trato discriminatorio y xenof\u00f3bico que lo \u00fanico que pretender es dividir a las familias, destruirlas. \u201cLas im\u00e1genes de ayer, donde ni\u00f1os eran arrebatados por polic\u00edas norteamericanos para detener a sus madres y padres es pat\u00e9tico, eso, nunca lo van a olvidar esos ni\u00f1os, esto, se supone que no deber\u00eda estar ocurriendo, lo que s\u00ed, es que lo repudiamos contundentemente, en conclusi\u00f3n, no se vale\u201d.<\/p>\n<p>Por eso, nos sumamos a la condena de la presidenta de M\u00e9xico, Claudia Sheinbaum Pardo y al del Canciller Juan Ram\u00f3n de la Fuente quienes dieron a conocer, que, al momento, hay 42 migrantes mexicanos detenidos y cuatro deportados. \u201cVamos a ser equipo con para alzar la voz ante estas redas, violatorias de los derechos humanos y no dignas de pa\u00edses socios y vecinos\u201d, expres\u00f3 tajante el Senador Monreal.<\/p>\n<p>NO HAY PLEITO CON DAVID<br \/>\nA pregunta expresa de los medios, sobre si hay pleito entre hermanos, Sa\u00fal Monreal \u00c1vila aclar\u00f3: \u201cPuedo decirles que no hay ninguna diferencia con el gobernador, lo \u00fanico que trato es de ser congruente en mi vida pol\u00edtica, en m\u00ed actuar, el hecho de que David Monreal \u00c1vila sea mi hermano no es motivo para cegarme a una responsabilidad, a una realidad\u201d.<br \/>\n\u201cAl contrario, lo que queremos es ayudar, pero pareciera, que en ocasiones no le informan al gobernador sobre las necesidades, hay desatenci\u00f3n de los funcionarios y eso, el jefe del Ejecutivo debe estar al pendiente. \u201cLa crisis de salud es un tema m\u00e1s de humanidad, no de egos\u201d, sentenci\u00f3n el pol\u00edtico de Fresnillo.<br \/>\n\u201cS\u00e9 que el gobernador har\u00e1 un recorrido por los hospitales para cerciorarse personalmente si hay dichas necesidades o no, ojal\u00e1 e invite a los trabajadores de los medios, las visitas le ayudar\u00e1n mucho a David Monreal a tomar mejores decisiones, yo lo que trato, es de ser congruente, la gente de los hospitales me habla, me cuenta tantas historias, que bueno que realice esas visitas\u201d.<\/p>\n<p>HAY FUNCIONARIOS MEDIOCRES<br \/>\nEs necesario que haya funcionarios m\u00e1s sensibles, m\u00e1s capaces, m\u00e1s comprometidos con la responsabilidad, lo decimos por la crisis de salud, por el desabasto de medicinas no es un problema del Gobierno de M\u00e9xico, sino de la mala distribuci\u00f3n, las dem\u00e1s carencias se pueden solucionar gradualmente, si hay voluntad de los funcionarios federales que est\u00e1 en Zacatecas. \u201cEl gobernador David Monreal debe estar m\u00e1s al pendiente de que las cosas se resuelvan\u201d.<br \/>\nEn suma, vamos a tratar de buscar a los responsables del IMSS-Bienestar, del ISSSTE, de los otros hospitales para ver en qu\u00e9 podemos apoyar, sabemos, que hacen un esfuerzo, pero, en ocasiones es insuficiente. \u201cLa informaci\u00f3n que yo tengo es de algunas gentes que la pasaron mal, que no fueron atendidos correctamente por la falta de medicamentos y personal\u201d.<br \/>\nFinalmente, lo verdaderamente importante, es que, los todos problemas se resuelvan en Zacatecas, no quien tiene la culpa, por eso, el llamado a que se est\u00e9 m\u00e1s al pendiente de los funcionarios que est\u00e1n al frente del sector salud.<\/p>\n","protected":false},"excerpt":{"rendered":"<p>No tengo ninguna diferencia con mi hermano, el gobernador de Zacatecas, pero no podo cegarme a los problemas que hay en el Estado, lo \u00fanico que<span class=\"excerpt-hellip\"> [\u2026]<\/span><\/p>\n","protected":false},"author":2,"featured_media":12010,"comment_status":"open","ping_status":"open","sticky":false,"template":"","format":"standard","meta":{"footnotes":""},"categories":[8],"tags":[],"class_list":["post-12009","post","type-post","status-publish","format-standard","has-post-thumbnail","hentry","category-politica"],"_links":{"self":[{"href":"https:\/\/sientetupasion.com\/index.php\/wp-json\/wp\/v2\/posts\/12009","targetHints":{"allow":["GET"]}}],"collection":[{"href":"https:\/\/sientetupasion.com\/index.php\/wp-json\/wp\/v2\/posts"}],"about":[{"href":"https:\/\/sientetupasion.com\/index.php\/wp-json\/wp\/v2\/types\/post"}],"author":[{"embeddable":true,"href":"https:\/\/sientetupasion.com\/index.php\/wp-json\/wp\/v2\/users\/2"}],"replies":[{"embeddable":true,"href":"https:\/\/sientetupasion.com\/index.php\/wp-json\/wp\/v2\/comments?post=12009"}],"version-history":[{"count":1,"href":"https:\/\/sientetupasion.com\/index.php\/wp-json\/wp\/v2\/posts\/12009\/revisions"}],"predecessor-version":[{"id":12011,"href":"https:\/\/sientetupasion.com\/index.php\/wp-json\/wp\/v2\/posts\/12009\/revisions\/12011"}],"wp:featuredmedia":[{"embeddable":true,"href":"https:\/\/sientetupasion.com\/index.php\/wp-json\/wp\/v2\/media\/12010"}],"wp:attachment":[{"href":"https:\/\/sientetupasion.com\/index.php\/wp-json\/wp\/v2\/media?parent=12009"}],"wp:term":[{"taxonomy":"category","embeddable":true,"href":"https:\/\/sientetupasion.com\/index.php\/wp-json\/wp\/v2\/categories?post=12009"},{"taxonomy":"post_tag","embeddable":true,"href":"https:\/\/sientetupasion.com\/index.php\/wp-json\/wp\/v2\/tags?post=12009"}],"curies":[{"name":"wp","href":"https:\/\/api.w.org\/{rel}","templated":true}]}}