{"id":11885,"date":"2025-06-05T18:41:41","date_gmt":"2025-06-06T00:41:41","guid":{"rendered":"https:\/\/sientetupasion.com\/?p=11885"},"modified":"2025-06-05T18:41:41","modified_gmt":"2025-06-06T00:41:41","slug":"defender-el-medio-ambiente-es-una-lucha-politica-y-de-justicia-social-alfredo-femat","status":"publish","type":"post","link":"https:\/\/sientetupasion.com\/index.php\/2025\/06\/05\/defender-el-medio-ambiente-es-una-lucha-politica-y-de-justicia-social-alfredo-femat\/","title":{"rendered":"DEFENDER EL MEDIO AMBIENTE ES UNA LUCHA POL\u00cdTICA Y DE JUSTICIA SOCIAL\u201d: ALFREDO FEMAT"},"content":{"rendered":"<p>\ud83c\udf31\ud83d\udca7\ud83c\udf0eEn el marco del D\u00eda Mundial del Medio Ambiente, el diputado Alfredo Femat Ba\u00f1uelos hizo un llamado urgente desde la tribuna legislativa para colocar la vida y la conservaci\u00f3n del planeta en el centro de toda acci\u00f3n pol\u00edtica, legislativa y social.<\/p>\n<p>Durante su posicionamiento en asuntos generales, Femat Ba\u00f1uelos se\u00f1al\u00f3 que a 52 a\u00f1os de haberse reconocido internacionalmente la urgencia de cuidar el medio ambiente, las pol\u00edticas p\u00fablicas globales no han logrado frenar el deterioro ambiental.<\/p>\n<p>\u201cEl colapso clim\u00e1tico no es una amenaza futura, es una realidad presente que ya est\u00e1 desplazando comunidades, secando r\u00edos, extinguiendo especies y agravando desigualdades sociales\u201d, advirti\u00f3.<\/p>\n<p>Desde una postura cr\u00edtica, el legislador denunci\u00f3 el fracaso del modelo de desarrollo extractivista, depredador y mercantilizador de la naturaleza, afirmando que \u201cla crisis ambiental es hija del capitalismo salvaje que ha reducido a la tierra a simple recurso y a las comunidades a piezas desechables.<\/p>\n<p>Asimismo, propuso avanzar hacia un cambio de paradigma en la relaci\u00f3n entre sociedad y naturaleza, reconociendo a la Madre Tierra como sujeto de derechos: \u201cNo se trata de una utop\u00eda\u201d, dijo, recordando que pa\u00edses como Bolivia, Ecuador, Colombia y Nueva Zelanda ya han establecido marcos legales que otorgan derechos a la naturaleza y a ecosistemas espec\u00edficos.<\/p>\n<p>El diputado exhort\u00f3 a la construcci\u00f3n de leyes y pol\u00edticas p\u00fablicas, apegadas a una agenda verde con justicia social, que contemple transici\u00f3n energ\u00e9tica justa; prohibici\u00f3n de megaproyectos destructivos; protecci\u00f3n de los territorios comunitarios; fortalecimiento de la agroecolog\u00eda y garant\u00eda del derecho humano al agua.<\/p>\n<p>Enfatiz\u00f3 tambi\u00e9n la necesidad de una transformaci\u00f3n cultural profunda, donde cuidar el medio ambiente sea visto como una forma de resistencia y un acto de vida. \u201cSembrar un \u00e1rbol, defender un r\u00edo, cuidar una especie: no es moda, es compromiso con la humanidad\u201d, sostuvo.<\/p>\n<p>Durante su intervenci\u00f3n, la diputada Renata \u00c1vila Valadez llam\u00f3 a la aplicaci\u00f3n real de estas posturas en todo el territorio zacatecano y pidi\u00f3 al ejecutivo estatal y federal escuchar las voces de los pobladores de aquellos territorios donde se plantean megaproyectos, como es el caso de la Presa Milpillas, \u201cponiendo en el centro los derechos de los pueblos, la vida y el medio ambiente\u201d.<\/p>\n<p>Ambos legisladores coincidieron en que la defensa ambiental exige no solo posicionamientos firmes, sino tambi\u00e9n asignaciones presupuestarias suficientes y reafirmaron el compromiso del Partido del Trabajo en la defensa de los derechos de la tierra.<\/p>\n","protected":false},"excerpt":{"rendered":"<p>\ud83c\udf31\ud83d\udca7\ud83c\udf0eEn el marco del D\u00eda Mundial del Medio Ambiente, el diputado Alfredo Femat Ba\u00f1uelos hizo un llamado urgente desde la tribuna legislativa para colocar la vida<span class=\"excerpt-hellip\"> [\u2026]<\/span><\/p>\n","protected":false},"author":2,"featured_media":11886,"comment_status":"open","ping_status":"open","sticky":false,"template":"","format":"standard","meta":{"footnotes":""},"categories":[8],"tags":[],"class_list":["post-11885","post","type-post","status-publish","format-standard","has-post-thumbnail","hentry","category-politica"],"_links":{"self":[{"href":"https:\/\/sientetupasion.com\/index.php\/wp-json\/wp\/v2\/posts\/11885","targetHints":{"allow":["GET"]}}],"collection":[{"href":"https:\/\/sientetupasion.com\/index.php\/wp-json\/wp\/v2\/posts"}],"about":[{"href":"https:\/\/sientetupasion.com\/index.php\/wp-json\/wp\/v2\/types\/post"}],"author":[{"embeddable":true,"href":"https:\/\/sientetupasion.com\/index.php\/wp-json\/wp\/v2\/users\/2"}],"replies":[{"embeddable":true,"href":"https:\/\/sientetupasion.com\/index.php\/wp-json\/wp\/v2\/comments?post=11885"}],"version-history":[{"count":1,"href":"https:\/\/sientetupasion.com\/index.php\/wp-json\/wp\/v2\/posts\/11885\/revisions"}],"predecessor-version":[{"id":11887,"href":"https:\/\/sientetupasion.com\/index.php\/wp-json\/wp\/v2\/posts\/11885\/revisions\/11887"}],"wp:featuredmedia":[{"embeddable":true,"href":"https:\/\/sientetupasion.com\/index.php\/wp-json\/wp\/v2\/media\/11886"}],"wp:attachment":[{"href":"https:\/\/sientetupasion.com\/index.php\/wp-json\/wp\/v2\/media?parent=11885"}],"wp:term":[{"taxonomy":"category","embeddable":true,"href":"https:\/\/sientetupasion.com\/index.php\/wp-json\/wp\/v2\/categories?post=11885"},{"taxonomy":"post_tag","embeddable":true,"href":"https:\/\/sientetupasion.com\/index.php\/wp-json\/wp\/v2\/tags?post=11885"}],"curies":[{"name":"wp","href":"https:\/\/api.w.org\/{rel}","templated":true}]}}