{"id":11807,"date":"2025-06-03T20:11:33","date_gmt":"2025-06-04T02:11:33","guid":{"rendered":"https:\/\/sientetupasion.com\/?p=11807"},"modified":"2025-06-03T20:11:33","modified_gmt":"2025-06-04T02:11:33","slug":"impulsa-zacatecas-profesionalizacion-policial-con-estancia-de-formacion-en-espana","status":"publish","type":"post","link":"https:\/\/sientetupasion.com\/index.php\/2025\/06\/03\/impulsa-zacatecas-profesionalizacion-policial-con-estancia-de-formacion-en-espana\/","title":{"rendered":"Impulsa Zacatecas profesionalizaci\u00f3n policial con estancia de formaci\u00f3n en Espa\u00f1a"},"content":{"rendered":"<p>\u25aa\ufe0fEsta acci\u00f3n forma parte del compromiso del Gobernador David Monreal \u00c1vila de mejorar las capacidades de las y los polic\u00edas zacatecanos<br \/>\n\u25aa\ufe0fLa estancia, no s\u00f3lo fortalecer\u00e1 la preparaci\u00f3n operativa de los cuerpos de seguridad, sino que permitir\u00e1 visibilizar, en el extranjero, el trabajo que Zacatecas realiza para consolidar la seguridad p\u00fablica<\/p>\n<p>Zacatecas, Zac., 3 de junio de 2025.- En el marco de la estrategia de fortalecimiento institucional y profesionalizaci\u00f3n de los cuerpos de seguridad, el Gobierno de Zacatecas, a trav\u00e9s de la Secretar\u00eda de Seguridad P\u00fablica (SSP), anunci\u00f3 la Convocatoria Oficial para la Estancia de Formaci\u00f3n Policial en Espa\u00f1a, dirigida a elementos operativos de distintas corporaciones de seguridad.<\/p>\n<p>Esta acci\u00f3n forma parte del compromiso del Gobernador David Monreal \u00c1vila de mejorar las capacidades de las y los polic\u00edas zacatecanos, bajo el eje prioritario de Profesionalizaci\u00f3n de los elementos de Seguridad P\u00fablica.<\/p>\n<p>El anuncio fue realizado durante conferencia de prensa, encabezada por los secretarios General de Gobierno, Rodrigo Reyes Mug\u00fcerza, y de Seguridad P\u00fablica, General Arturo Medina Mayoral, en la que se destac\u00f3 la relevancia de esta estancia internacional como una oportunidad de crecimiento profesional, intercambio de buenas pr\u00e1cticas y enriquecimiento cultural para el personal de seguridad.<\/p>\n<p>Se anunci\u00f3 que, del 15 al 30 de julio de 2025, un grupo de 20 elementos operativos, seleccionados a trav\u00e9s de una convocatoria abierta, viajar\u00e1 a Espa\u00f1a para participar en un programa acad\u00e9mico y pr\u00e1ctico, dise\u00f1ado en colaboraci\u00f3n con instituciones como la Polic\u00eda Nacional, Guardia Civil, Base A\u00e9rea de Torrej\u00f3n de Ardoz y Universidades de la Comunidad de Madrid y Extremadura.<\/p>\n<p>Medina Mayoral inform\u00f3 que se seleccionar\u00e1 a cinco mandos operativos de la Polic\u00eda Estatal Preventiva (PEP); cinco elementos operativos, cinco mandos o elementos de las Polic\u00edas Municipales y cinco elementos de la Polic\u00eda de Investigaci\u00f3n de la Fiscal\u00eda General de Justicia del Estado (FGJEZ).<\/p>\n<p>La recepci\u00f3n de solicitudes ser\u00e1 del 3 al 13 de junio de 2025 y los resultados se publicar\u00e1n el mi\u00e9rcoles 15 de junio.<\/p>\n<p>Los interesados deben cumplir con los siguientes requisitos: ser elementos activos de la SSP o corporaciones participantes, no contar con sanciones ni procesos disciplinarios, presentar Clave \u00danica de Identificaci\u00f3n Permanente (CUIP), Curso de formaci\u00f3n inicial, Certificado \u00danico Policial (CUP) y pasaporte vigente, as\u00ed como cumplir con los formularios exigidos por la Uni\u00f3n Europea; adem\u00e1s, contar con m\u00e9ritos profesionales y trayectoria limpia ser\u00e1n criterios clave de selecci\u00f3n.<\/p>\n<p>Los participantes recibir\u00e1n capacitaci\u00f3n especializada en materia de Seguridad P\u00fablica, con enfoque en Derechos Humanos, proximidad policial y atenci\u00f3n a v\u00edctimas, resoluci\u00f3n de conflictos y mediaci\u00f3n, perspectiva de g\u00e9nero y prevenci\u00f3n de violencia, legislaci\u00f3n internacional y buenas pr\u00e1cticas europeas.<\/p>\n<p>Adem\u00e1s, se visitar\u00e1n instituciones como: Polic\u00eda Nacional de Espa\u00f1a, Guardia Civil, Base A\u00e9rea de Torrej\u00f3n de Ardoz, Academia de Infanter\u00eda de Toledo, Universidades espa\u00f1olas, Senado y Congreso de los Diputados.<\/p>\n<p>Los elementos tambi\u00e9n participar\u00e1n en visitas guiadas a espacios emblem\u00e1ticos como el Palacio Real, el Museo del Ej\u00e9rcito, el Conjunto Monumental de Toledo y, de realizarse en Extremadura, el Anfiteatro de M\u00e9rida y el Conjunto Monumental de C\u00e1ceres.<\/p>\n<p>El programa incluye traslados, hospedaje, alimentaci\u00f3n, material acad\u00e9mico, seguro de viaje y certificaci\u00f3n oficial, por parte de instituciones europeas.<\/p>\n<p>La estancia no s\u00f3lo fortalecer\u00e1 la preparaci\u00f3n operativa de los cuerpos de seguridad, sino que permitir\u00e1 visibilizar, en el extranjero, el trabajo que Zacatecas realiza para consolidar una seguridad p\u00fablica con enfoque en derechos humanos, inclusi\u00f3n y equidad.<\/p>\n<p>El Secretario de Seguridad P\u00fablica hizo un llamado a sus elementos operativos a participar en esta hist\u00f3rica oportunidad, que abona directamente a la construcci\u00f3n de la paz y al bienestar de las y los zacatecanos.<\/p>\n<p>En esta conferencia participaron tambi\u00e9n, el titular del Secretariado Ejecutivo del Sistema Estatal de Seguridad P\u00fablica, Manuel Flores Sonduk, y \u00d3scar Javier Rodr\u00edguez Aguirre, presidente del Consejo Estatal de Consulta y Participaci\u00f3n Ciudadana.<\/p>\n<p>\u2014ooOoo\u2014<\/p>\n","protected":false},"excerpt":{"rendered":"<p>\u25aa\ufe0fEsta acci\u00f3n forma parte del compromiso del Gobernador David Monreal \u00c1vila de mejorar las capacidades de las y los polic\u00edas zacatecanos \u25aa\ufe0fLa estancia, no s\u00f3lo fortalecer\u00e1<span class=\"excerpt-hellip\"> [\u2026]<\/span><\/p>\n","protected":false},"author":2,"featured_media":11808,"comment_status":"open","ping_status":"open","sticky":false,"template":"","format":"standard","meta":{"footnotes":""},"categories":[16],"tags":[],"class_list":["post-11807","post","type-post","status-publish","format-standard","has-post-thumbnail","hentry","category-zacatecas"],"_links":{"self":[{"href":"https:\/\/sientetupasion.com\/index.php\/wp-json\/wp\/v2\/posts\/11807","targetHints":{"allow":["GET"]}}],"collection":[{"href":"https:\/\/sientetupasion.com\/index.php\/wp-json\/wp\/v2\/posts"}],"about":[{"href":"https:\/\/sientetupasion.com\/index.php\/wp-json\/wp\/v2\/types\/post"}],"author":[{"embeddable":true,"href":"https:\/\/sientetupasion.com\/index.php\/wp-json\/wp\/v2\/users\/2"}],"replies":[{"embeddable":true,"href":"https:\/\/sientetupasion.com\/index.php\/wp-json\/wp\/v2\/comments?post=11807"}],"version-history":[{"count":1,"href":"https:\/\/sientetupasion.com\/index.php\/wp-json\/wp\/v2\/posts\/11807\/revisions"}],"predecessor-version":[{"id":11809,"href":"https:\/\/sientetupasion.com\/index.php\/wp-json\/wp\/v2\/posts\/11807\/revisions\/11809"}],"wp:featuredmedia":[{"embeddable":true,"href":"https:\/\/sientetupasion.com\/index.php\/wp-json\/wp\/v2\/media\/11808"}],"wp:attachment":[{"href":"https:\/\/sientetupasion.com\/index.php\/wp-json\/wp\/v2\/media?parent=11807"}],"wp:term":[{"taxonomy":"category","embeddable":true,"href":"https:\/\/sientetupasion.com\/index.php\/wp-json\/wp\/v2\/categories?post=11807"},{"taxonomy":"post_tag","embeddable":true,"href":"https:\/\/sientetupasion.com\/index.php\/wp-json\/wp\/v2\/tags?post=11807"}],"curies":[{"name":"wp","href":"https:\/\/api.w.org\/{rel}","templated":true}]}}