{"id":11673,"date":"2025-06-02T21:16:01","date_gmt":"2025-06-03T03:16:01","guid":{"rendered":"https:\/\/sientetupasion.com\/?p=11673"},"modified":"2025-06-02T21:16:01","modified_gmt":"2025-06-03T03:16:01","slug":"ulises-mejia-haro-destaca-jornada-electoral-judicial-como-ejemplar","status":"publish","type":"post","link":"https:\/\/sientetupasion.com\/index.php\/2025\/06\/02\/ulises-mejia-haro-destaca-jornada-electoral-judicial-como-ejemplar\/","title":{"rendered":"ULISES MEJ\u00cdA HARO DESTACA JORNADA ELECTORAL JUDICIAL COMO EJEMPLAR"},"content":{"rendered":"<p>Zacatecas, Zac., a 2 de junio de 2025.\u2013 Durante la rueda de prensa semanal \u201cLa Legislativa\u201d, el diputado federal Ulises Mej\u00eda Haro calific\u00f3 como ejemplar la jornada electoral del pasado 1\u00ba de junio, en la que por primera vez en la historia de M\u00e9xico la ciudadan\u00eda eligi\u00f3, mediante voto libre y secreto, a quienes integrar\u00e1n el Poder Judicial de la Federaci\u00f3n y de los estados.<\/p>\n<p>Mej\u00eda Haro destac\u00f3 que casi el 100% de las casillas fueron instaladas sin que se registraran incidentes mayores, y que la participaci\u00f3n ciudadana \u2014estimada por el Instituto Nacional Electoral (INE) en un 13%\u2014 se ubic\u00f3 dentro del margen esperado para una elecci\u00f3n extraordinaria de alta complejidad, que no fue concurrente con otros procesos electorales y que enfrent\u00f3 m\u00faltiples restricciones.<\/p>\n<p>Se\u00f1al\u00f3 que, pese a la ausencia de campa\u00f1as abiertas, la prohibici\u00f3n de m\u00edtines y de publicidad en radio y televisi\u00f3n, as\u00ed como una campa\u00f1a sistem\u00e1tica de desinformaci\u00f3n promovida por opinadores, exmandatarios, figuras p\u00fablicas y l\u00edderes de oposici\u00f3n que llamaron a no votar, millones de mexicanas y mexicanos acudieron a las urnas, demostrando un compromiso firme con la transformaci\u00f3n del Poder Judicial.<\/p>\n<p>El legislador subray\u00f3 que se trat\u00f3 de un primer ejercicio in\u00e9dito, no concurrente con elecciones presidenciales, estatales o municipales \u2014salvo en Durango y Veracruz\u2014, por lo que consider\u00f3 positiva la participaci\u00f3n obtenida. \u201cEstoy convencido de que en 2027 la participaci\u00f3n ser\u00e1 mucho mayor, ya que esta elecci\u00f3n judicial se llevar\u00e1 a cabo de manera concurrente con las elecciones federales y locales\u201d, sostuvo.<\/p>\n<p>Asimismo, afirm\u00f3 que con el tiempo la ciudadan\u00eda comprender\u00e1 que su voto s\u00ed cuenta para elegir a juezas, jueces, magistradas, magistrados, ministras y ministros comprometidos con la justicia y libres de compromisos pol\u00edticos o v\u00ednculos con partidos, gobiernos o c\u00fapulas del poder judicial. \u201cEsto permitir\u00e1 combatir la corrupci\u00f3n, el nepotismo, las omisiones y el tr\u00e1fico de influencias que tanto han da\u00f1ado la credibilidad del sistema judicial\u201d, expres\u00f3.<\/p>\n<p>En ese sentido, record\u00f3 que el nuevo Tribunal de Disciplina Judicial ser\u00e1 un \u00f3rgano clave para vigilar el actuar de las y los juzgadores, asegurando que sus sentencias est\u00e9n apegadas a derecho, y que la justicia sea pronta, expedita, imparcial y gratuita.<\/p>\n<p>Finalmente, al ser cuestionado sobre los se\u00f1alamientos de acarreo y uso de \u201cacordeones\u201d durante la jornada electoral, Mej\u00eda Haro puntualiz\u00f3:<br \/>\n\t\u2022\tQue cualquier caso de acarreo que haya sido denunciado debe investigarse a fondo y sancionarse conforme a la ley.<br \/>\n\t\u2022\tY que los llamados \u201cacordeones\u201d o gu\u00edas de votaci\u00f3n estaban permitidos por el INE y el Tribunal Electoral, dada la complejidad del proceso y el n\u00famero elevado de boletas y candidaturas. Sin embargo, precis\u00f3 que lo que s\u00ed estaba prohibido era el reparto f\u00edsico de dichos materiales en las casillas, lo cual tambi\u00e9n debe investigarse si se incurri\u00f3 en ello.<\/p>\n<p>Ulises Mej\u00eda Haro concluy\u00f3 que esta jornada representa un primer paso hacia un Poder Judicial m\u00e1s democr\u00e1tico y transparente, y reafirm\u00f3 su compromiso de seguir legislando para consolidar una justicia accesible para la ciudadan\u00eda.<\/p>\n","protected":false},"excerpt":{"rendered":"<p>Zacatecas, Zac., a 2 de junio de 2025.\u2013 Durante la rueda de prensa semanal \u201cLa Legislativa\u201d, el diputado federal Ulises Mej\u00eda Haro calific\u00f3 como ejemplar la<span class=\"excerpt-hellip\"> [\u2026]<\/span><\/p>\n","protected":false},"author":2,"featured_media":11674,"comment_status":"open","ping_status":"open","sticky":false,"template":"","format":"standard","meta":{"footnotes":""},"categories":[8],"tags":[],"class_list":["post-11673","post","type-post","status-publish","format-standard","has-post-thumbnail","hentry","category-politica"],"_links":{"self":[{"href":"https:\/\/sientetupasion.com\/index.php\/wp-json\/wp\/v2\/posts\/11673","targetHints":{"allow":["GET"]}}],"collection":[{"href":"https:\/\/sientetupasion.com\/index.php\/wp-json\/wp\/v2\/posts"}],"about":[{"href":"https:\/\/sientetupasion.com\/index.php\/wp-json\/wp\/v2\/types\/post"}],"author":[{"embeddable":true,"href":"https:\/\/sientetupasion.com\/index.php\/wp-json\/wp\/v2\/users\/2"}],"replies":[{"embeddable":true,"href":"https:\/\/sientetupasion.com\/index.php\/wp-json\/wp\/v2\/comments?post=11673"}],"version-history":[{"count":1,"href":"https:\/\/sientetupasion.com\/index.php\/wp-json\/wp\/v2\/posts\/11673\/revisions"}],"predecessor-version":[{"id":11675,"href":"https:\/\/sientetupasion.com\/index.php\/wp-json\/wp\/v2\/posts\/11673\/revisions\/11675"}],"wp:featuredmedia":[{"embeddable":true,"href":"https:\/\/sientetupasion.com\/index.php\/wp-json\/wp\/v2\/media\/11674"}],"wp:attachment":[{"href":"https:\/\/sientetupasion.com\/index.php\/wp-json\/wp\/v2\/media?parent=11673"}],"wp:term":[{"taxonomy":"category","embeddable":true,"href":"https:\/\/sientetupasion.com\/index.php\/wp-json\/wp\/v2\/categories?post=11673"},{"taxonomy":"post_tag","embeddable":true,"href":"https:\/\/sientetupasion.com\/index.php\/wp-json\/wp\/v2\/tags?post=11673"}],"curies":[{"name":"wp","href":"https:\/\/api.w.org\/{rel}","templated":true}]}}