{"id":11661,"date":"2025-06-02T15:29:43","date_gmt":"2025-06-02T21:29:43","guid":{"rendered":"https:\/\/sientetupasion.com\/?p=11661"},"modified":"2025-06-02T15:29:43","modified_gmt":"2025-06-02T21:29:43","slug":"asegura-fernandez-norona-que-eleccion-del-poder-judicial-tuvo-una-buena-participacion-ciudadana","status":"publish","type":"post","link":"https:\/\/sientetupasion.com\/index.php\/2025\/06\/02\/asegura-fernandez-norona-que-eleccion-del-poder-judicial-tuvo-una-buena-participacion-ciudadana\/","title":{"rendered":"Asegura Fern\u00e1ndez Noro\u00f1a que elecci\u00f3n del Poder Judicial tuvo una buena participaci\u00f3n ciudadana"},"content":{"rendered":"<ul>\n<li><em><strong>Se perfila un oaxaque\u00f1o de origen ind\u00edgena para la presidencia de la Suprema Corte de Justicia de la Naci\u00f3n, destaca.<\/strong><\/em><\/li>\n<\/ul>\n<p>&nbsp;<\/p>\n<p>A pesar de que la elecci\u00f3n del 1 de junio se realiz\u00f3 \u201ca contracorriente\u201d, porque quienes se opon\u00edan trataron de impedirla, la deslegitimaron y buscaron desalentar a la gente para que no fuera a votar, los comicios de este domingo registraron muy buena participaci\u00f3n, por lo que represent\u00f3 una haza\u00f1a del pueblo de M\u00e9xico, destac\u00f3 el senador Gerardo Fern\u00e1ndez Noro\u00f1a.<\/p>\n<p>&nbsp;<\/p>\n<p>El presidente del Senado de la Rep\u00fablica estim\u00f3 que este lunes se sabr\u00e1 qui\u00e9n presidir\u00e1 la Suprema Corte de Justicia de la Naci\u00f3n, cargo que ser\u00e1 ocupado por quien obtenga m\u00e1s votos, y para ello \u201cse perfila un oaxaque\u00f1o de origen ind\u00edgena\u201d.<\/p>\n<p>&nbsp;<\/p>\n<p>Indic\u00f3 que el mi\u00e9rcoles 4 de junio, se dar\u00e1n a conocer\u00e1n las magistraturas del Tribunal de Disciplina Judicial; el jueves 5, las magistraturas de la Sala Superior del Tribunal Electoral del Poder Judicial de la Federaci\u00f3n; el viernes 6, las de las Salas Regionales; y el domingo 8, las magistraturas de Circuito Federales; y el martes 10 de junio, juezas y jueces de Distrito.<\/p>\n<p>&nbsp;<\/p>\n<p>En conferencia de prensa, el legislador dijo que por m\u00e1s que critiquen la elecci\u00f3n de jueces, ministros y magistrados \u201cel nivel de participaci\u00f3n fue muy bueno y lo consideramos un \u00e9xito\u201d, pues el pueblo eligi\u00f3 por voto universal, secreto y directo a las personas juzgadoras que tomaran protesta el 1 de septiembre: \u201ces un hecho in\u00e9dito, hist\u00f3rico, \u00fanico en la historia de la humanidad\u201d.<\/p>\n<p>&nbsp;<\/p>\n<p>Adem\u00e1s, reiter\u00f3 su reconocimiento al Instituto Nacional Electoral, en particular a Guadalupe Taddei Zavala, quien ha resultado ser una extraordinaria presidenta del Consejo General, as\u00ed como a todo el personal del Instituto por la tarea descomunal que realizaron, porque acredita que \u201cest\u00e1n hechos para grandes retos\u201d.<\/p>\n<p>&nbsp;<\/p>\n<p>El senador destac\u00f3 que el porcentaje de personas que votaron representa \u201cel n\u00facleo duro, motor y coraz\u00f3n del proceso creciente de democratizaci\u00f3n, es la vanguardia\u201d.<\/p>\n<p>&nbsp;<\/p>\n<p>\u201cYa hubiera querido el PAN obtener esos votos en la elecci\u00f3n de 2024. El PRI en la elecci\u00f3n pasado obtuvo cinco millones 736 mil votos, \u00bfhan renunciado a sus posiciones de representaci\u00f3n proporcional, empezando con Alejandro Moreno, con tan raqu\u00edtica votaci\u00f3n?\u201d, cuestion\u00f3.<\/p>\n<p>&nbsp;<\/p>\n<p>Se\u00f1al\u00f3 que ellos hicieron todo para desalentar la participaci\u00f3n y, a pesar de eso se obtuvo el 13 por ciento de la votaci\u00f3n, un proceso in\u00e9dito que sali\u00f3 muy bien, porque por primera vez en la historia de la humanidad un pueblo eligi\u00f3 a las personas juzgadoras por el voto secreto y directo.<\/p>\n<p>&nbsp;<\/p>\n<p>Por otro lado, el legislador indic\u00f3 que a\u00fan no se tiene una fecha para llevar a cabo un periodo extraordinario, en el cual se buscar\u00e1 abordar\u00a0la Ley de Telecomunicaciones, los cambios a leyes secundarias en materia del Poder Judicial, justamente sobre procesos, amparos, debido proceso; temas de seguridad, inteligencia y las reformas sobre personas desaparecidas, \u201ces un mundo de legislaciones\u201d.<\/p>\n","protected":false},"excerpt":{"rendered":"<p>Se perfila un oaxaque\u00f1o de origen ind\u00edgena para la presidencia de la Suprema Corte de Justicia de la Naci\u00f3n, destaca. &nbsp; A pesar de que la<span class=\"excerpt-hellip\"> [\u2026]<\/span><\/p>\n","protected":false},"author":2,"featured_media":11662,"comment_status":"open","ping_status":"open","sticky":false,"template":"","format":"standard","meta":{"footnotes":""},"categories":[8],"tags":[],"class_list":["post-11661","post","type-post","status-publish","format-standard","has-post-thumbnail","hentry","category-politica"],"_links":{"self":[{"href":"https:\/\/sientetupasion.com\/index.php\/wp-json\/wp\/v2\/posts\/11661","targetHints":{"allow":["GET"]}}],"collection":[{"href":"https:\/\/sientetupasion.com\/index.php\/wp-json\/wp\/v2\/posts"}],"about":[{"href":"https:\/\/sientetupasion.com\/index.php\/wp-json\/wp\/v2\/types\/post"}],"author":[{"embeddable":true,"href":"https:\/\/sientetupasion.com\/index.php\/wp-json\/wp\/v2\/users\/2"}],"replies":[{"embeddable":true,"href":"https:\/\/sientetupasion.com\/index.php\/wp-json\/wp\/v2\/comments?post=11661"}],"version-history":[{"count":1,"href":"https:\/\/sientetupasion.com\/index.php\/wp-json\/wp\/v2\/posts\/11661\/revisions"}],"predecessor-version":[{"id":11663,"href":"https:\/\/sientetupasion.com\/index.php\/wp-json\/wp\/v2\/posts\/11661\/revisions\/11663"}],"wp:featuredmedia":[{"embeddable":true,"href":"https:\/\/sientetupasion.com\/index.php\/wp-json\/wp\/v2\/media\/11662"}],"wp:attachment":[{"href":"https:\/\/sientetupasion.com\/index.php\/wp-json\/wp\/v2\/media?parent=11661"}],"wp:term":[{"taxonomy":"category","embeddable":true,"href":"https:\/\/sientetupasion.com\/index.php\/wp-json\/wp\/v2\/categories?post=11661"},{"taxonomy":"post_tag","embeddable":true,"href":"https:\/\/sientetupasion.com\/index.php\/wp-json\/wp\/v2\/tags?post=11661"}],"curies":[{"name":"wp","href":"https:\/\/api.w.org\/{rel}","templated":true}]}}