{"id":11417,"date":"2025-05-27T08:11:58","date_gmt":"2025-05-27T14:11:58","guid":{"rendered":"https:\/\/sientetupasion.com\/?p=11417"},"modified":"2025-05-27T08:11:58","modified_gmt":"2025-05-27T14:11:58","slug":"preocupa-a-la-internacional-socialista-la-crisis-institucional-y-democratica-que-enfrentan-diversos-paises","status":"publish","type":"post","link":"https:\/\/sientetupasion.com\/index.php\/2025\/05\/27\/preocupa-a-la-internacional-socialista-la-crisis-institucional-y-democratica-que-enfrentan-diversos-paises\/","title":{"rendered":"*PREOCUPA A LA INTERNACIONAL SOCIALISTA LA CRISIS INSTITUCIONAL Y DEMOCR\u00c1TICA QUE ENFRENTAN DIVERSOS PA\u00cdSES"},"content":{"rendered":"<p>\u2022 *La IS emiti\u00f3 una declaraci\u00f3n final al concluir la reuni\u00f3n de su Consejo Mundial, en la que particip\u00f3 Alejandro Moreno, Presidente Nacional del PRI y Vicepresidente de esa organizaci\u00f3n, en la que anunci\u00f3 que denunciar\u00e1 y combatir\u00e1 todas las formas de represi\u00f3n y persecuci\u00f3n pol\u00edtica.*<\/p>\n<p>La Internacional Socialista (IS) expres\u00f3 con firmeza su preocupaci\u00f3n ante la crisis institucional y democr\u00e1tica que enfrentan diversos pa\u00edses del mundo, incluyendo Am\u00e9rica Latina, y conden\u00f3 rotundamente cualquier debilitamiento de las instituciones que favorezca el afianzamiento de la autocracia.<\/p>\n<p>Al t\u00e9rmino de los trabajos de la reuni\u00f3n de su Consejo Mundial, del cual forma parte el senador y dirigente nacional del PRI, de M\u00e9xico, Alejandro Moreno, como Vicepresidente de la organizaci\u00f3n, la IS emiti\u00f3 una Declaraci\u00f3n en la que, adem\u00e1s, inform\u00f3 que, desde un esp\u00edritu de solidaridad, se constituye como un frente com\u00fan contra el populismo autoritario, ya sea de derecha o de izquierda.<\/p>\n<p>Dijo que el populismo autoritario corrompe el orden democr\u00e1tico, perturba el equilibrio de poderes, viola los derechos humanos, atenta contra la libertad de expresi\u00f3n, invisibiliza a las minor\u00edas y desmantela el sistema de partidos, poniendo as\u00ed en peligro la estabilidad democr\u00e1tica.<\/p>\n<p>En ese sentido, en la llamada \u201cDeclaraci\u00f3n M\u00e9xico\u201d, expres\u00f3 su en\u00e9rgica condena a los gobiernos autoritarios en todo el mundo, que menoscaban los derechos, la libertad, la democracia y el Estado de Derecho.<\/p>\n<p>La agrupaci\u00f3n de partidos socialdem\u00f3cratas de todo el mundo anunci\u00f3 que denunciar\u00e1 y combatir\u00e1 todas las formas de represi\u00f3n y persecuci\u00f3n pol\u00edtica, en particular contra aquellos que luchan por restablecer el Estado de Derecho democr\u00e1tico y social, as\u00ed como contra quienes se ven obligados al desplazamiento y al exilio.<\/p>\n<p>La IS asegur\u00f3 que est\u00e1 monitoreando la situaci\u00f3n actual de la democracia en la regi\u00f3n, en particular las amenazas derivadas de la polarizaci\u00f3n pol\u00edtica y el autoritarismo, y destac\u00f3 la importancia de reforzar las instituciones democr\u00e1ticas, garantizar la independencia judicial y avanzar en pol\u00edticas econ\u00f3micas que reduzcan las desigualdades sociales.<br \/>\nLa organizaci\u00f3n conden\u00f3 la politizaci\u00f3n de los sistemas judiciales en diversos pa\u00edses, subrayando la importancia de la independencia judicial para mantener la confianza p\u00fablica y la integridad democr\u00e1tica.<\/p>\n<p>En ese marco, la IS llam\u00f3 a los gobiernos de Am\u00e9rica Latina y el Caribe a combatir con toda firmeza cualquier forma de colusi\u00f3n y\/o complicidad entre cuadros pol\u00edticos o funcionarios con el crimen organizado, en particular con el narcotr\u00e1fico, y a condenarla como una traici\u00f3n a la Patria.<\/p>\n<p>&#8212;000&#8212;<\/p>\n","protected":false},"excerpt":{"rendered":"<p>\u2022 *La IS emiti\u00f3 una declaraci\u00f3n final al concluir la reuni\u00f3n de su Consejo Mundial, en la que particip\u00f3 Alejandro Moreno, Presidente Nacional del PRI y<span class=\"excerpt-hellip\"> [\u2026]<\/span><\/p>\n","protected":false},"author":2,"featured_media":11418,"comment_status":"open","ping_status":"open","sticky":false,"template":"","format":"standard","meta":{"footnotes":""},"categories":[8],"tags":[],"class_list":["post-11417","post","type-post","status-publish","format-standard","has-post-thumbnail","hentry","category-politica"],"_links":{"self":[{"href":"https:\/\/sientetupasion.com\/index.php\/wp-json\/wp\/v2\/posts\/11417","targetHints":{"allow":["GET"]}}],"collection":[{"href":"https:\/\/sientetupasion.com\/index.php\/wp-json\/wp\/v2\/posts"}],"about":[{"href":"https:\/\/sientetupasion.com\/index.php\/wp-json\/wp\/v2\/types\/post"}],"author":[{"embeddable":true,"href":"https:\/\/sientetupasion.com\/index.php\/wp-json\/wp\/v2\/users\/2"}],"replies":[{"embeddable":true,"href":"https:\/\/sientetupasion.com\/index.php\/wp-json\/wp\/v2\/comments?post=11417"}],"version-history":[{"count":1,"href":"https:\/\/sientetupasion.com\/index.php\/wp-json\/wp\/v2\/posts\/11417\/revisions"}],"predecessor-version":[{"id":11419,"href":"https:\/\/sientetupasion.com\/index.php\/wp-json\/wp\/v2\/posts\/11417\/revisions\/11419"}],"wp:featuredmedia":[{"embeddable":true,"href":"https:\/\/sientetupasion.com\/index.php\/wp-json\/wp\/v2\/media\/11418"}],"wp:attachment":[{"href":"https:\/\/sientetupasion.com\/index.php\/wp-json\/wp\/v2\/media?parent=11417"}],"wp:term":[{"taxonomy":"category","embeddable":true,"href":"https:\/\/sientetupasion.com\/index.php\/wp-json\/wp\/v2\/categories?post=11417"},{"taxonomy":"post_tag","embeddable":true,"href":"https:\/\/sientetupasion.com\/index.php\/wp-json\/wp\/v2\/tags?post=11417"}],"curies":[{"name":"wp","href":"https:\/\/api.w.org\/{rel}","templated":true}]}}