{"id":11314,"date":"2025-05-26T08:32:31","date_gmt":"2025-05-26T14:32:31","guid":{"rendered":"https:\/\/sientetupasion.com\/?p=11314"},"modified":"2025-05-26T08:32:31","modified_gmt":"2025-05-26T14:32:31","slug":"ratifican-adopcion-de-menor-de-casa-cuna-placido-domingo","status":"publish","type":"post","link":"https:\/\/sientetupasion.com\/index.php\/2025\/05\/26\/ratifican-adopcion-de-menor-de-casa-cuna-placido-domingo\/","title":{"rendered":"Ratifican adopci\u00f3n de menor de Casa Cuna \u201cPl\u00e1cido Domingo\u201d"},"content":{"rendered":"<p>\uf0a7\tLa convivencia previa a la adopci\u00f3n permiti\u00f3 que el menor se integrara de forma c\u00e1lida y natural al nuevo n\u00facleo familiar<\/p>\n<p>Zacatecas, Zac., 25 de mayo 2025.- Entre abrazos, sonrisas y l\u00e1grimas de alegr\u00eda, se celebr\u00f3 un momento lleno de amor y esperanza: la ratificaci\u00f3n de la adopci\u00f3n de un menor de cinco a\u00f1os de edad, que hasta hace unos meses viv\u00eda en Casa Cuna \u201cPl\u00e1cido Domingo\u201d.<\/p>\n<p>El infante, quien ha convivido con sus ahora padres adoptivos desde diciembre de 2024, oficialmente forma parte de una familia, que lo ha esperado con los brazos abiertos y con el coraz\u00f3n.<\/p>\n<p>La convivencia previa a la adopci\u00f3n permiti\u00f3 que el menor se integrara de forma c\u00e1lida y natural al nuevo n\u00facleo familiar, un proceso exitoso que fue posible gracias al trabajo que realiz\u00f3 el Gobierno de Zacatecas, que encabeza el Gobernador David Monreal \u00c1vila, a trav\u00e9s del Sistema Estatal para el Desarrollo Integral de la Familia (SEDIF), que preside la se\u00f1ora Sara Hern\u00e1ndez de Monreal. <\/p>\n<p>Este caso es un claro ejemplo de que el amor construye puentes, transforma vidas y hace posible que cada ni\u00f1o y ni\u00f1a crezca rodeado del afecto y cuidado que merece.<\/p>\n<p>En este acto estuvo presente el matrimonio de padres adoptantes; el Procurador de Ni\u00f1as, Ni\u00f1os, Adolescentes y Familia del SEDIF, \u00c1lvaro Garc\u00eda Hern\u00e1ndez; la Directora de la Casa Cuna \u201cPl\u00e1cido Domingo\u201d, Brianda Ba\u00f1uelos Romo; parte del equipo de la Mesa de Adopciones del SEDIF y testigos.<\/p>\n<p>\u2014ooOoo\u2014<\/p>\n","protected":false},"excerpt":{"rendered":"<p>\uf0a7 La convivencia previa a la adopci\u00f3n permiti\u00f3 que el menor se integrara de forma c\u00e1lida y natural al nuevo n\u00facleo familiar Zacatecas, Zac., 25 de<span class=\"excerpt-hellip\"> [\u2026]<\/span><\/p>\n","protected":false},"author":2,"featured_media":11315,"comment_status":"open","ping_status":"open","sticky":false,"template":"","format":"standard","meta":{"footnotes":""},"categories":[16],"tags":[],"class_list":["post-11314","post","type-post","status-publish","format-standard","has-post-thumbnail","hentry","category-zacatecas"],"_links":{"self":[{"href":"https:\/\/sientetupasion.com\/index.php\/wp-json\/wp\/v2\/posts\/11314","targetHints":{"allow":["GET"]}}],"collection":[{"href":"https:\/\/sientetupasion.com\/index.php\/wp-json\/wp\/v2\/posts"}],"about":[{"href":"https:\/\/sientetupasion.com\/index.php\/wp-json\/wp\/v2\/types\/post"}],"author":[{"embeddable":true,"href":"https:\/\/sientetupasion.com\/index.php\/wp-json\/wp\/v2\/users\/2"}],"replies":[{"embeddable":true,"href":"https:\/\/sientetupasion.com\/index.php\/wp-json\/wp\/v2\/comments?post=11314"}],"version-history":[{"count":1,"href":"https:\/\/sientetupasion.com\/index.php\/wp-json\/wp\/v2\/posts\/11314\/revisions"}],"predecessor-version":[{"id":11316,"href":"https:\/\/sientetupasion.com\/index.php\/wp-json\/wp\/v2\/posts\/11314\/revisions\/11316"}],"wp:featuredmedia":[{"embeddable":true,"href":"https:\/\/sientetupasion.com\/index.php\/wp-json\/wp\/v2\/media\/11315"}],"wp:attachment":[{"href":"https:\/\/sientetupasion.com\/index.php\/wp-json\/wp\/v2\/media?parent=11314"}],"wp:term":[{"taxonomy":"category","embeddable":true,"href":"https:\/\/sientetupasion.com\/index.php\/wp-json\/wp\/v2\/categories?post=11314"},{"taxonomy":"post_tag","embeddable":true,"href":"https:\/\/sientetupasion.com\/index.php\/wp-json\/wp\/v2\/tags?post=11314"}],"curies":[{"name":"wp","href":"https:\/\/api.w.org\/{rel}","templated":true}]}}