{"id":11251,"date":"2025-05-26T04:24:41","date_gmt":"2025-05-26T10:24:41","guid":{"rendered":"https:\/\/sientetupasion.com\/?p=11251"},"modified":"2025-05-26T04:24:41","modified_gmt":"2025-05-26T10:24:41","slug":"mexico-requiere-renovar-sus-liderazgos-tener-mas-lideres-hombres-y-mujeres-honestos-capaces-y-comprometidos-con-su-patria-diputado-ricardo-monreal","status":"publish","type":"post","link":"https:\/\/sientetupasion.com\/index.php\/2025\/05\/26\/mexico-requiere-renovar-sus-liderazgos-tener-mas-lideres-hombres-y-mujeres-honestos-capaces-y-comprometidos-con-su-patria-diputado-ricardo-monreal\/","title":{"rendered":"M\u00e9xico requiere renovar sus liderazgos, tener m\u00e1s l\u00edderes, hombres y mujeres honestos, capaces y comprometidos con su patria: diputado Ricardo Monreal"},"content":{"rendered":"<p>Inaugur\u00f3 la segunda edici\u00f3n del seminario de capacitaci\u00f3n \u201cJ\u00f3venes Legislando 2025\u201d<\/p>\n<p>El presidente de la Junta de Coordinaci\u00f3n Pol\u00edtica de la C\u00e1mara de Diputados, Ricardo Monreal \u00c1vila (Morena), expres\u00f3 que se requiere renovar los liderazgos del pa\u00eds y el ejercicio de los liderazgos, tener m\u00e1s l\u00edderes, hombres y mujeres, honestos, capaces, comprometidos con su pa\u00eds y su patria.<\/p>\n<p><iframe loading=\"lazy\" class=\"note-video-clip\" src=\"https:\/\/www.youtube.com\/embed\/j6cVUeTVgiA\" width=\"640\" height=\"360\" frameborder=\"0\" data-mce-fragment=\"1\"><\/iframe><\/p>\n<p>En la inauguraci\u00f3n de los trabajos de la segunda edici\u00f3n del seminario de capacitaci\u00f3n \u201cJ\u00f3venes Legislando 2025\u201d, afirm\u00f3 que esa es la idea de estos seminarios que se realizan en la C\u00e1mara de Diputados y en las instalaciones donde se crean las leyes en la sede del Poder Legislativo, y pidi\u00f3 a las y a los j\u00f3venes defender sus ideas y sus prop\u00f3sitos, luchar porque el pa\u00eds sea mejor.<\/p>\n<p>Destac\u00f3 que mientras sea presidente de la Junta de Coordinaci\u00f3n Pol\u00edtica seguir\u00e1 convocando a estos foros, tratando de que m\u00e1s j\u00f3venes aprendan y sembrando la semilla de una generaci\u00f3n nueva que necesitamos.<\/p>\n<p>El tambi\u00e9n coordinador del grupo parlamentario de Morena coment\u00f3 que en lo personal, le gusta convivir con los j\u00f3venes, capacitarlos e influir en ellos para que sean mejores, ya que son el relevo.<\/p>\n<p>\u201cA m\u00ed me gustar\u00eda entregar la estafeta a las mejores, a los mejores, a aquellos que piensan que nuestro deber es el pa\u00eds, es la patria, es la gente, es nuestra comunidad, nuestro municipio, nuestro estado, nuestras libertades, nuestros derechos; por eso, es importante que ustedes est\u00e9n en este seminario de tres semanas\u201d, a\u00f1adi\u00f3.<\/p>\n<p>Lo que aqu\u00ed van a aprender, aclar\u00f3, es c\u00f3mo legislar, c\u00f3mo redactar un punto de acuerdo o una iniciativa, cu\u00e1l es el proceso legislativo. Al final, se har\u00e1n simulacros de discusi\u00f3n y debate, en donde se agrupar\u00e1n como grupos parlamentarios, con los partidos que existen en M\u00e9xico y van a defender sus ideas y sus iniciativas.<\/p>\n<p>Por ello, solicit\u00f3 a la directora general de la Unidad de Capacitaci\u00f3n y Formaci\u00f3n Permanente de la C\u00e1mara de Diputados, Cynthia Murrieta Morena, organizar estos encuentros; hoy hay 120 j\u00f3venes admitidos de 604 solicitudes de distintas partes del pa\u00eds y de distintas facultades y escuelas. \u201cEs una buena convocatoria y son m\u00e1s mujeres ahora\u201d.<\/p>\n<p>\u201cNo queremos que sea un curso donde no se aprenda y donde solo sea la reuni\u00f3n, no nos interesa eso, nos interesa formar y capacitar para que los j\u00f3venes se enfrenten a los nuevos desaf\u00edos que implica este siglo y este momento\u201d, a\u00f1adi\u00f3.<\/p>\n<p>Relat\u00f3 que ahora que la presidenta Claudia Sheinbaum, primera mujer presidente en 200 a\u00f1os, est\u00e1 enfrentando a un gobierno hostil del presidente Trump, est\u00e1 enfrentando incluso contrastes al interior del pa\u00eds, los maestros o manifestaciones de otro tipo, o incluso dentro de su propia organizaci\u00f3n; es decir \u201ctodo eso, les ayudar\u00e1 a ustedes aqu\u00ed a deliberar con libertad, a discutir con libertad y tambi\u00e9n a defender sus principios, sus tesis y su ideal\u201d.<\/p>\n<p>Reconoci\u00f3 que hoy sea ponente Ra\u00fal Contreras, quien fue director de la Escuela de Derecho de la UNAM, ha sido catedr\u00e1tico en la m\u00e1xima casa de estudios y es un fiel defensor de la educaci\u00f3n gratuita. \u00c9l fue presidente de la Sociedad de Alumnos del Posgrado, ha sido y es autor de libros, y sigue siendo maestro frente a grupo. Por eso, \u201ces muy importante su c\u00e1tedra, porque para m\u00ed es uno de los m\u00e1s brillantes maestros que tiene la UNAM\u201d.<\/p>\n<p>Hizo votos para que el seminario ayude a renovar la clase pol\u00edtica y la clase dirigente en el pa\u00eds. \u201cQuiero ver a muchos de ustedes pronto al frente de las responsabilidades que el pa\u00eds necesita y le urge\u201d.<\/p>\n<p>La directora general de la Unidad de Capacitaci\u00f3n y Formaci\u00f3n Permanente de la Secretar\u00eda General de la C\u00e1mara de Diputados, Cynthia Murrieta Morena, agradeci\u00f3 al diputado Ricardo Monreal este esfuerzo que est\u00e1 haciendo para apoyar a los j\u00f3venes. \u201cEl gran aliado de las juventudes en el parlamento se llama Ricardo Monreal y, por eso, le agradecemos que estemos hoy aqu\u00ed organizando este foro para ustedes y que los j\u00f3venes se sigan preparando\u201d.<\/p>\n<p>Mencion\u00f3 que la preocupaci\u00f3n del presidente de la Junta es genuina y siempre quiere que la gente mejor preparada pueda transmitir conocimientos y dejarles un legado a las juventudes; es un gran seminario. Destac\u00f3 la presencia como ponente del jurista Ra\u00fal Contreras Bustamante.<\/p>\n<p>Al dar la bienvenida al seminario que se realizar\u00e1 todos los s\u00e1bados del 24 de mayo al 7 de junio de 2025, en las instalaciones de la C\u00e1mara de Diputados, Regina Lorena Herrera Guardado extern\u00f3 que hablar de juventud, es hablar del futuro, pero tambi\u00e9n del presente; las juventudes no son una promesa lejana, son una real, viva, activa y poderosa juventud que est\u00e1 transformando el pa\u00eds desde las aulas, los espacios comunitarios y desde foros como este.<\/p>\n","protected":false},"excerpt":{"rendered":"<p>Inaugur\u00f3 la segunda edici\u00f3n del seminario de capacitaci\u00f3n \u201cJ\u00f3venes Legislando 2025\u201d El presidente de la Junta de Coordinaci\u00f3n Pol\u00edtica de la C\u00e1mara de Diputados, Ricardo Monreal<span class=\"excerpt-hellip\"> [\u2026]<\/span><\/p>\n","protected":false},"author":2,"featured_media":11252,"comment_status":"open","ping_status":"open","sticky":false,"template":"","format":"standard","meta":{"footnotes":""},"categories":[8],"tags":[],"class_list":["post-11251","post","type-post","status-publish","format-standard","has-post-thumbnail","hentry","category-politica"],"_links":{"self":[{"href":"https:\/\/sientetupasion.com\/index.php\/wp-json\/wp\/v2\/posts\/11251","targetHints":{"allow":["GET"]}}],"collection":[{"href":"https:\/\/sientetupasion.com\/index.php\/wp-json\/wp\/v2\/posts"}],"about":[{"href":"https:\/\/sientetupasion.com\/index.php\/wp-json\/wp\/v2\/types\/post"}],"author":[{"embeddable":true,"href":"https:\/\/sientetupasion.com\/index.php\/wp-json\/wp\/v2\/users\/2"}],"replies":[{"embeddable":true,"href":"https:\/\/sientetupasion.com\/index.php\/wp-json\/wp\/v2\/comments?post=11251"}],"version-history":[{"count":1,"href":"https:\/\/sientetupasion.com\/index.php\/wp-json\/wp\/v2\/posts\/11251\/revisions"}],"predecessor-version":[{"id":11253,"href":"https:\/\/sientetupasion.com\/index.php\/wp-json\/wp\/v2\/posts\/11251\/revisions\/11253"}],"wp:featuredmedia":[{"embeddable":true,"href":"https:\/\/sientetupasion.com\/index.php\/wp-json\/wp\/v2\/media\/11252"}],"wp:attachment":[{"href":"https:\/\/sientetupasion.com\/index.php\/wp-json\/wp\/v2\/media?parent=11251"}],"wp:term":[{"taxonomy":"category","embeddable":true,"href":"https:\/\/sientetupasion.com\/index.php\/wp-json\/wp\/v2\/categories?post=11251"},{"taxonomy":"post_tag","embeddable":true,"href":"https:\/\/sientetupasion.com\/index.php\/wp-json\/wp\/v2\/tags?post=11251"}],"curies":[{"name":"wp","href":"https:\/\/api.w.org\/{rel}","templated":true}]}}