{"id":11002,"date":"2025-05-22T08:21:11","date_gmt":"2025-05-22T14:21:11","guid":{"rendered":"https:\/\/sientetupasion.com\/?p=11002"},"modified":"2025-05-22T08:21:11","modified_gmt":"2025-05-22T14:21:11","slug":"ulises-mejia-haro-respalda-iniciativa-de-claudia-sheinbaum-sobre-telecomunicaciones","status":"publish","type":"post","link":"https:\/\/sientetupasion.com\/index.php\/2025\/05\/22\/ulises-mejia-haro-respalda-iniciativa-de-claudia-sheinbaum-sobre-telecomunicaciones\/","title":{"rendered":"ULISES MEJ\u00cdA HARO RESPALDA INICIATIVA DE CLAUDIA SHEINBAUM SOBRE TELECOMUNICACIONES"},"content":{"rendered":"\n<p>Ciudad de M\u00e9xico, a 21 de mayo del 2025.\u2013 La C\u00e1mara de Diputados se prepara para discutir la iniciativa de Ley en Materia de Telecomunicaciones y Radiodifusi\u00f3n, presentada por el Ejecutivo Federal y promovida por la presidenta de la Rep\u00fablica, Claudia Sheinbaum Pardo, con el objetivo de garantizar el derecho a la informaci\u00f3n, democratizar el espectro radioel\u00e9ctrico y cerrar la brecha digital en el pa\u00eds.<\/p>\n<p>El diputado federal Ulises Mej\u00eda Haro destac\u00f3 que esta nueva legislaci\u00f3n sustituir\u00e1 el marco jur\u00eddico vigente y establecer\u00e1 un sistema m\u00e1s justo, plural e incluyente, reconociendo la diversidad de medios y comunidades que integran el ecosistema comunicativo nacional.<\/p>\n<p>Uno de los principales avances ser\u00e1 la creaci\u00f3n de una figura de concesi\u00f3n \u00fanica, que reconoce distintos usos (comercial, p\u00fablico, social comunitario, ind\u00edgena, afromexicano y gen\u00e9rico), pero con igualdad de derechos y obligaciones, eliminando barreras discriminatorias que han limitado hist\u00f3ricamente el acceso al espectro.<\/p>\n<p>Asimismo, se plantea por primera vez una legislaci\u00f3n que otorga verdaderas oportunidades de desarrollo a las radios comunitarias, especialmente en pueblos originarios. Se propone un proceso de regularizaci\u00f3n simplificado, acceso a hasta el 20% de la publicidad oficial y ampliaci\u00f3n del margen de anuncios comunitarios. Adem\u00e1s, se les exentar\u00e1 del pago del ISR al no perseguir fines de lucro.<\/p>\n<p>Tambi\u00e9n se reconoce legalmente a las radios ind\u00edgenas y afromexicanas, garantizando su autonom\u00eda cultural, ling\u00fc\u00edstica y operativa. La iniciativa contempla un fondo compensatorio como acto de justicia hist\u00f3rica y la creaci\u00f3n de una figura fiscal diferenciada: la persona tributaria comunitaria.<\/p>\n<p>En materia de conectividad, la reforma responde a una realidad urgente: m\u00e1s de 15 millones de personas en M\u00e9xico carecen de cobertura 4G, ya sea por falta de infraestructura o por limitaciones econ\u00f3micas. En este sentido, se busca replicar el modelo brasile\u00f1o, permitiendo que concesionarios privados ofrezcan cobertura gratuita a cambio de derechos de espectro. Asimismo, se fortalecer\u00e1 a CFE Internet para Todos, otorg\u00e1ndole mayores facultades para extender su presencia en regiones marginadas.<\/p>\n<p>El proyecto tambi\u00e9n impulsa a los medios p\u00fablicos, asegurando un financiamiento mixto y anual garantizado, sin injerencias editoriales. Se contempla la incorporaci\u00f3n de consejos ciudadanos, defensor\u00edas de audiencias y c\u00f3digos de \u00e9tica, as\u00ed como esquemas transparentes para colaboraciones internacionales.<\/p>\n<p>Un punto relevante de la propuesta es la prohibici\u00f3n de transmitir propaganda pol\u00edtica, ideol\u00f3gica o comercial de gobiernos extranjeros en medios nacionales, permitiendo \u00fanicamente contenidos tur\u00edsticos, culturales o deportivos, y restringiendo la comercializaci\u00f3n de espacios digitales con esos fines.<\/p>\n<p>Adem\u00e1s, se restituye el derecho de las audiencias a distinguir entre informaci\u00f3n y opini\u00f3n, permitiendo la presentaci\u00f3n de quejas ante contenidos falsos o manipulados, mediante mecanismos ciudadanos similares a los de la PROFECO.<\/p>\n<p>Finalmente, se establece que la asignaci\u00f3n de concesiones se realizar\u00e1 por periodos prolongados, pero su validaci\u00f3n depender\u00e1 de un organismo colegiado con participaci\u00f3n ciudadana, designado por el Senado de la Rep\u00fablica, garantizando pluralidad e independencia en la toma de decisiones.<\/p>\n<p>\u201cCon esta iniciativa se avanza hacia una verdadera democratizaci\u00f3n de la comunicaci\u00f3n y del acceso a internet. Se trata de una reforma que fortalece la soberan\u00eda informativa, respeta la diversidad cultural y garantiza derechos para todas y todos. En ning\u00fan momento se trata de limitar la libertad de expresi\u00f3n, como err\u00f3neamente lo han difundido algunos grupos pol\u00edticos; al contrario, buscamos ampliar los derechos de quienes hist\u00f3ricamente han sido silenciados\u201d, puntualiz\u00f3 el diputado Ulises Mej\u00eda Haro.<\/p>\n","protected":false},"excerpt":{"rendered":"<p>Ciudad de M\u00e9xico, a 21 de mayo del 2025.\u2013 La C\u00e1mara de Diputados se prepara para discutir la iniciativa de Ley en Materia de Telecomunicaciones y<span class=\"excerpt-hellip\"> [\u2026]<\/span><\/p>\n","protected":false},"author":2,"featured_media":11003,"comment_status":"open","ping_status":"open","sticky":false,"template":"","format":"standard","meta":{"footnotes":""},"categories":[8],"tags":[],"class_list":["post-11002","post","type-post","status-publish","format-standard","has-post-thumbnail","hentry","category-politica"],"_links":{"self":[{"href":"https:\/\/sientetupasion.com\/index.php\/wp-json\/wp\/v2\/posts\/11002","targetHints":{"allow":["GET"]}}],"collection":[{"href":"https:\/\/sientetupasion.com\/index.php\/wp-json\/wp\/v2\/posts"}],"about":[{"href":"https:\/\/sientetupasion.com\/index.php\/wp-json\/wp\/v2\/types\/post"}],"author":[{"embeddable":true,"href":"https:\/\/sientetupasion.com\/index.php\/wp-json\/wp\/v2\/users\/2"}],"replies":[{"embeddable":true,"href":"https:\/\/sientetupasion.com\/index.php\/wp-json\/wp\/v2\/comments?post=11002"}],"version-history":[{"count":1,"href":"https:\/\/sientetupasion.com\/index.php\/wp-json\/wp\/v2\/posts\/11002\/revisions"}],"predecessor-version":[{"id":11004,"href":"https:\/\/sientetupasion.com\/index.php\/wp-json\/wp\/v2\/posts\/11002\/revisions\/11004"}],"wp:featuredmedia":[{"embeddable":true,"href":"https:\/\/sientetupasion.com\/index.php\/wp-json\/wp\/v2\/media\/11003"}],"wp:attachment":[{"href":"https:\/\/sientetupasion.com\/index.php\/wp-json\/wp\/v2\/media?parent=11002"}],"wp:term":[{"taxonomy":"category","embeddable":true,"href":"https:\/\/sientetupasion.com\/index.php\/wp-json\/wp\/v2\/categories?post=11002"},{"taxonomy":"post_tag","embeddable":true,"href":"https:\/\/sientetupasion.com\/index.php\/wp-json\/wp\/v2\/tags?post=11002"}],"curies":[{"name":"wp","href":"https:\/\/api.w.org\/{rel}","templated":true}]}}