{"id":10988,"date":"2025-05-22T04:57:59","date_gmt":"2025-05-22T10:57:59","guid":{"rendered":"https:\/\/sientetupasion.com\/?p=10988"},"modified":"2025-05-22T04:57:59","modified_gmt":"2025-05-22T10:57:59","slug":"revisan-en-el-senado-de-la-republica-derechos-humanos-y-tecnologias-emergentes","status":"publish","type":"post","link":"https:\/\/sientetupasion.com\/index.php\/2025\/05\/22\/revisan-en-el-senado-de-la-republica-derechos-humanos-y-tecnologias-emergentes\/","title":{"rendered":"Revisan en el Senado de la Rep\u00fablica derechos humanos y tecnolog\u00edas emergentes"},"content":{"rendered":"<ul>\n<li><em><strong>Contin\u00faan las actividades de la Semana de los Derechos Digitales.<\/strong><\/em><\/li>\n<\/ul>\n<p>&nbsp;<\/p>\n<p>En el tercer d\u00eda de la Semana de Derechos Digitales en el Senado de la Rep\u00fablica, expertos, legisladores y acad\u00e9micos abordaron los alcances de una regulaci\u00f3n para la Inteligencia Artificial (IA), temas como la protecci\u00f3n de datos personales y el desarrollo de la web 3.0.<\/p>\n<p>&nbsp;<\/p>\n<p>Las mesas redondas sobre derechos humanos y las tecnolog\u00edas emergentes, fueron organizadas por el presidente de la Comisi\u00f3n de Derechos Digitales, Luis Donaldo Colosio Riojas, como parte de un ejercicio parlamentario para que la sociedad conozca los retos y oportunidades de la tecnolog\u00eda.<\/p>\n<p>&nbsp;<\/p>\n<p>En el panel Derechos Digitales en la Web 3.0: Tecnolog\u00edas Emergentes, la senadora Claudia Edith Anaya Mota mencion\u00f3 que m\u00e1s all\u00e1 de querer regular las tecnolog\u00edas, la legislaci\u00f3n debe estar orientada a salvaguardar los derechos a la identidad, la protecci\u00f3n de los datos personales, el acceso a la informaci\u00f3n y que los desarrolladores sigan esa ruta.<\/p>\n<p>&nbsp;<\/p>\n<p>Como moderadora de la mesa, la legisladora del PRI pregunt\u00f3 a los expertos cu\u00e1les son las tecnolog\u00edas emergentes m\u00e1s prometedoras que complementar\u00edan el desarrollo de la Web 3.0 y la Inteligencia Artificial, as\u00ed como el esquema de regulaci\u00f3n que consideran generar\u00eda equilibrio de protecci\u00f3n, innovaci\u00f3n y desarrollo.<\/p>\n<p>&nbsp;<\/p>\n<p>Al respecto, Alejandra Lagunes Soto Ru\u00edz, de la Alianza Nacional por la Inteligencia Artificial, mencion\u00f3 que la IA es una de las tecnolog\u00edas m\u00e1s disruptivas en las \u00faltimas d\u00e9cadas, ya que marca un cambio de era al impactar a todos los sectores que conocemos, pero hay otras tecnolog\u00edas como el c\u00f3mputo cu\u00e1ntico, el \u201cblock change\u201d y las neurotecnolog\u00edas, que tambi\u00e9n impactar\u00e1n en la sociedad.<\/p>\n<p>&nbsp;<\/p>\n<p>En ese sentido, consider\u00f3 que son necesarias la regulaci\u00f3n y las pol\u00edticas p\u00fablicas flexibles, ante el r\u00e1pido avance de la tecnolog\u00eda, aunque eso implica un cambio de paradigma. A la fecha, explic\u00f3, se han tenido que desechar varios asuntos relacionados con la Inteligencia Artificial. Entonces, \u201csi cambia la tecnolog\u00eda c\u00f3mo cambiamos la ley\u201d.<\/p>\n<p>&nbsp;<\/p>\n<p>La senadora Claudia Edith Anaya Mota coincidi\u00f3 en la complejidad de que un Congreso, que es est\u00e1tico, legisle para un sector tan din\u00e1mico como es la tecnolog\u00eda, por eso es importante que las leyes sean generales, abstractas y unipersonales, para permitir que el sector se desarrolle, pero sin dejar de salvaguardar los derechos fundamentales.<\/p>\n<p>&nbsp;<\/p>\n<p>En el panel Derechos humanos en l\u00ednea, Tania Ram\u00edrez Hern\u00e1ndez, directora ejecutiva de la Red por los Derechos de la Infancia en M\u00e9xico, mencion\u00f3 que, para prevenir discursos de odio en los medios digitales, son fundamentales la educaci\u00f3n en derechos humanos y sobre la diversidad, en tanto que para el cuidado de datos personales son necesarios los candados para proteger a los menores de delitos como la trata o el \u201cgrooming\u201d.<\/p>\n<p>&nbsp;<\/p>\n<p>Eliana P\u00e9rez Gaffney, l\u00edder de Pol\u00edticas P\u00fablicas para M\u00e9xico de Meta, apunt\u00f3 que la libertad de expresi\u00f3n debe ser acotada por medio de pol\u00edticas que se dise\u00f1an por gobiernos, acad\u00e9micos y sociedad civil, as\u00ed como por representantes o entes internacionales, a fin de proteger a las personas de conductas de odio o de la explotaci\u00f3n sexual.<\/p>\n<p>&nbsp;<\/p>\n<p>Por su parte, Leopoldo Maldonado, director ejecutivo de Art\u00edculo 19, se\u00f1al\u00f3 que una mala conceptualizaci\u00f3n de los t\u00e9rminos puede llevar a una mala pol\u00edtica p\u00fablica, \u201cpor lo que hay que tener cuidado con a qu\u00e9 nos referimos con desinformaci\u00f3n y discurso de odio\u201d, dijo.<\/p>\n<p>&nbsp;<\/p>\n","protected":false},"excerpt":{"rendered":"<p>Contin\u00faan las actividades de la Semana de los Derechos Digitales. &nbsp; En el tercer d\u00eda de la Semana de Derechos Digitales en el Senado de la<span class=\"excerpt-hellip\"> [\u2026]<\/span><\/p>\n","protected":false},"author":2,"featured_media":10989,"comment_status":"open","ping_status":"open","sticky":false,"template":"","format":"standard","meta":{"footnotes":""},"categories":[8],"tags":[],"class_list":["post-10988","post","type-post","status-publish","format-standard","has-post-thumbnail","hentry","category-politica"],"_links":{"self":[{"href":"https:\/\/sientetupasion.com\/index.php\/wp-json\/wp\/v2\/posts\/10988","targetHints":{"allow":["GET"]}}],"collection":[{"href":"https:\/\/sientetupasion.com\/index.php\/wp-json\/wp\/v2\/posts"}],"about":[{"href":"https:\/\/sientetupasion.com\/index.php\/wp-json\/wp\/v2\/types\/post"}],"author":[{"embeddable":true,"href":"https:\/\/sientetupasion.com\/index.php\/wp-json\/wp\/v2\/users\/2"}],"replies":[{"embeddable":true,"href":"https:\/\/sientetupasion.com\/index.php\/wp-json\/wp\/v2\/comments?post=10988"}],"version-history":[{"count":1,"href":"https:\/\/sientetupasion.com\/index.php\/wp-json\/wp\/v2\/posts\/10988\/revisions"}],"predecessor-version":[{"id":10990,"href":"https:\/\/sientetupasion.com\/index.php\/wp-json\/wp\/v2\/posts\/10988\/revisions\/10990"}],"wp:featuredmedia":[{"embeddable":true,"href":"https:\/\/sientetupasion.com\/index.php\/wp-json\/wp\/v2\/media\/10989"}],"wp:attachment":[{"href":"https:\/\/sientetupasion.com\/index.php\/wp-json\/wp\/v2\/media?parent=10988"}],"wp:term":[{"taxonomy":"category","embeddable":true,"href":"https:\/\/sientetupasion.com\/index.php\/wp-json\/wp\/v2\/categories?post=10988"},{"taxonomy":"post_tag","embeddable":true,"href":"https:\/\/sientetupasion.com\/index.php\/wp-json\/wp\/v2\/tags?post=10988"}],"curies":[{"name":"wp","href":"https:\/\/api.w.org\/{rel}","templated":true}]}}