{"id":10886,"date":"2025-05-21T08:35:18","date_gmt":"2025-05-21T14:35:18","guid":{"rendered":"https:\/\/sientetupasion.com\/?p=10886"},"modified":"2025-05-21T08:35:18","modified_gmt":"2025-05-21T14:35:18","slug":"tres-hermanos-encuentran-un-hogar-para-siempre-gobierno-de-zacatecas-celebra-emotiva-ratificacion-de-adopcion","status":"publish","type":"post","link":"https:\/\/sientetupasion.com\/index.php\/2025\/05\/21\/tres-hermanos-encuentran-un-hogar-para-siempre-gobierno-de-zacatecas-celebra-emotiva-ratificacion-de-adopcion\/","title":{"rendered":"Tres hermanos encuentran un hogar para siempre; Gobierno de Zacatecas celebra emotiva ratificaci\u00f3n de adopci\u00f3n"},"content":{"rendered":"<p>\u25aa\ufe0f   Los infantes, de 9, 10 y 12 a\u00f1os de edad, compartieron su vida desde hace casi seis a\u00f1os con un matrimonio originario del municipio de Sombrerete<br \/>\n\u25aa\ufe0f   Este momento no s\u00f3lo simboliza la culminaci\u00f3n de un proceso legal, sino tambi\u00e9n el inicio de una nueva etapa colmada de amor, seguridad y pertenencia<\/p>\n<p>Zacatecas, Zac., 20 de mayo 2025.- En un acto lleno de emoci\u00f3n, esperanza y nuevos comienzos, el Gobierno de Zacatecas, encabezado por el mandatario estatal David Monreal \u00c1vila, celebr\u00f3 la audiencia de ratificaci\u00f3n de adopci\u00f3n de tres hermanos que se encontraban bajo el resguardo de la Casa Cuna &#8220;Pl\u00e1cido Domingo&#8221;.<\/p>\n<p>Los infantes, de 9, 10 y 12 a\u00f1os de edad, compartieron su vida desde hace casi seis a\u00f1os con un matrimonio originario del municipio de Sombrerete, el cual, con amor y constancia, se gan\u00f3 su confianza, su cari\u00f1o y, finalmente, se encuentran a un paso de convertirse legalmente en sus padres.<\/p>\n<p>Este momento no s\u00f3lo simboliza la culminaci\u00f3n de un proceso legal, sino tambi\u00e9n el inicio de una nueva etapa colmada de amor, seguridad y pertenencia para los tres hermanos.<\/p>\n<p>Se trata de dos ni\u00f1os y una ni\u00f1a quienes, durante a\u00f1os, vivieron en resguardo, so\u00f1ando con una familia que los acogiera con el coraz\u00f3n. Hoy, ese sue\u00f1o es una realidad.<\/p>\n<p>La emoci\u00f3n se hizo presente en la audiencia en donde estuvo presente la Presidenta Honor\u00edfica del Sistema Estatal para el Desarrollo Integral de la Familia (SEDIF), Sara Hern\u00e1ndez de Monreal.<\/p>\n<p>En el ambiente no faltaron las miradas de complicidad, sonrisas t\u00edmidas y l\u00e1grimas contenidas entre quienes presenciaron la uni\u00f3n definitiva de una familia que ya era real desde hac\u00eda tiempo, pero que hoy recibi\u00f3 el reconocimiento legal que garantiza su futuro juntos.<\/p>\n<p>El Gobierno de Zacatecas, a trav\u00e9s del SEDIF, reafirma su compromiso con la protecci\u00f3n integral de ni\u00f1as, ni\u00f1os y adolescentes. Casos como \u00e9ste inspiran a seguir trabajando para que cada infante tenga la oportunidad de crecer en un entorno de amor, respeto y dignidad.<\/p>\n<p>En este acto estuvo presente el matrimonio de padres adoptantes; el Procurador de Ni\u00f1as, Ni\u00f1os, Adolescentes y Familia del SEDIF, \u00c1lvaro Garc\u00eda Hern\u00e1ndez; la Directora de la Casa Cuna \u201cPl\u00e1cido Domingo\u201d, Brianda Ba\u00f1uelos Romo; parte del equipo de la Mesa de Adopciones del SEDIF y testigos.<\/p>\n<p>\u2014ooOoo\u2014<\/p>\n","protected":false},"excerpt":{"rendered":"<p>\u25aa\ufe0f Los infantes, de 9, 10 y 12 a\u00f1os de edad, compartieron su vida desde hace casi seis a\u00f1os con un matrimonio originario del municipio de<span class=\"excerpt-hellip\"> [\u2026]<\/span><\/p>\n","protected":false},"author":2,"featured_media":10887,"comment_status":"open","ping_status":"open","sticky":false,"template":"","format":"standard","meta":{"footnotes":""},"categories":[16],"tags":[],"class_list":["post-10886","post","type-post","status-publish","format-standard","has-post-thumbnail","hentry","category-zacatecas"],"_links":{"self":[{"href":"https:\/\/sientetupasion.com\/index.php\/wp-json\/wp\/v2\/posts\/10886","targetHints":{"allow":["GET"]}}],"collection":[{"href":"https:\/\/sientetupasion.com\/index.php\/wp-json\/wp\/v2\/posts"}],"about":[{"href":"https:\/\/sientetupasion.com\/index.php\/wp-json\/wp\/v2\/types\/post"}],"author":[{"embeddable":true,"href":"https:\/\/sientetupasion.com\/index.php\/wp-json\/wp\/v2\/users\/2"}],"replies":[{"embeddable":true,"href":"https:\/\/sientetupasion.com\/index.php\/wp-json\/wp\/v2\/comments?post=10886"}],"version-history":[{"count":1,"href":"https:\/\/sientetupasion.com\/index.php\/wp-json\/wp\/v2\/posts\/10886\/revisions"}],"predecessor-version":[{"id":10888,"href":"https:\/\/sientetupasion.com\/index.php\/wp-json\/wp\/v2\/posts\/10886\/revisions\/10888"}],"wp:featuredmedia":[{"embeddable":true,"href":"https:\/\/sientetupasion.com\/index.php\/wp-json\/wp\/v2\/media\/10887"}],"wp:attachment":[{"href":"https:\/\/sientetupasion.com\/index.php\/wp-json\/wp\/v2\/media?parent=10886"}],"wp:term":[{"taxonomy":"category","embeddable":true,"href":"https:\/\/sientetupasion.com\/index.php\/wp-json\/wp\/v2\/categories?post=10886"},{"taxonomy":"post_tag","embeddable":true,"href":"https:\/\/sientetupasion.com\/index.php\/wp-json\/wp\/v2\/tags?post=10886"}],"curies":[{"name":"wp","href":"https:\/\/api.w.org\/{rel}","templated":true}]}}