{"id":10883,"date":"2025-05-21T08:33:55","date_gmt":"2025-05-21T14:33:55","guid":{"rendered":"https:\/\/sientetupasion.com\/?p=10883"},"modified":"2025-05-21T08:33:55","modified_gmt":"2025-05-21T14:33:55","slug":"rinde-zacatecas-sentido-homenaje-luctuoso-al-artista-ismael-guardado","status":"publish","type":"post","link":"https:\/\/sientetupasion.com\/index.php\/2025\/05\/21\/rinde-zacatecas-sentido-homenaje-luctuoso-al-artista-ismael-guardado\/","title":{"rendered":"Rinde Zacatecas sentido homenaje luctuoso al artista Ismael Guardado"},"content":{"rendered":"<p>\u25aa\ufe0f   El autor de Temis y El Prometeo Encadenado fue recordado, a unos d\u00edas de su deceso, con un acto especial, en el vest\u00edbulo de la Legislatura del Estado<br \/>\n\u25aa\ufe0f   La obra de Ismael Guardado ha sido una contribuci\u00f3n al desarrollo y la conformaci\u00f3n del Zacatecas que hoy tenemos: Gabriela Pinedo<br \/>\n\u25aa\ufe0f   Fundamental la cultura del reconocimiento a quienes han engrandecido el nombre de nuestra tierra: Mar\u00eda de Jes\u00fas Mu\u00f1oz Reyes<\/p>\n<p>Zacatecas, Zac., 20 de mayo de 2025.- Al pie de \u201cBajo la roca\u201d, obra que entre su patrimonio tiene el Poder Legislativo de Zacatecas, y que su propio creador defini\u00f3 como un \u201cMural en el que el hombre y la masa se funden como protagonistas del hecho hist\u00f3rico; s\u00f3lo alude a la huella del tiempo y al objeto de la creaci\u00f3n\u201d, Zacatecas rindi\u00f3 un sentido homenaje luctuoso al artista Ismael Guardado, quien falleci\u00f3 el pasado viernes 16 de mayo.<\/p>\n<p>Gabriela Evangelina Pinedo Morales, secretaria de Educaci\u00f3n en Zacatecas, quien acudi\u00f3 en representaci\u00f3n del Gobernador David Monreal \u00c1vila, dijo ser de una generaci\u00f3n que creci\u00f3 en la personalizaci\u00f3n de la ciudad con la obra de Ismael Guardado, piezas que han sido, desde el \u00e1mbito del arte, una contribuci\u00f3n al desarrollo y la conformaci\u00f3n del Zacatecas que hoy tenemos.<\/p>\n<p>Hijo pr\u00f3digo de Zacatecas, el artista siempre reconoci\u00f3 con orgullo su origen en Ojocaliente; mencion\u00f3, adem\u00e1s, que fue un extraordinario ser humano. Envi\u00f3 luego un abrazo al coraz\u00f3n de quienes hoy sufren su partida e invit\u00f3 a honrar lo que nos configur\u00f3, eso que nos ha construido; Zacatecas necesita de todas y todos nosotros. \u00a1Que viva siempre lo mejor de Ismael Guardado! <\/p>\n<p>Su legado, huella indeleble impresa en Zacatecas<\/p>\n<p>Mar\u00eda de Jes\u00fas Mu\u00f1oz Reyes, directora del Instituto Zacatecano de Cultura (IZC) \u201cRam\u00f3n L\u00f3pez Velarde\u201d, agradeci\u00f3 a los diputados de la Comisi\u00f3n de Desarrollo Cultural por su disposici\u00f3n de llevar, en conjunto con el Gobierno de Zacatecas, este homenaje p\u00f3stumo. <\/p>\n<p>Destac\u00f3 que para el Gobierno que encabeza el mandatario estatal David Monreal \u00c1vila y para el pueblo de Zacatecas, es fundamental la cultura del reconocimiento a quienes han engrandecido el nombre de nuestra tierra; \u201cpor eso, estamos aqu\u00ed; nos congrega el dolor profundo de la p\u00e9rdida, pero tambi\u00e9n el deber de la memoria y la gratitud hacia el maestro Ismael Guardado\u201d.<\/p>\n<p>Zacatecas -enfatiz\u00f3- se inclina hoy ante uno de sus hijos m\u00e1s l\u00facidos, m\u00e1s \u00edntegros y m\u00e1s comprometidos con la esencia de nuestra identidad cultural. El maestro Ismael Guardado fue un creador en el sentido m\u00e1s amplio del t\u00e9rmino. Su arte firme y reflexivo, profundamente simb\u00f3lico, supo dialogar con las ra\u00edces y con el porvenir, con la historia y con la conciencia.<\/p>\n<p>Dijo que su legado estar\u00e1 vivo como una huella indeleble impresa en Zacatecas; en edificios p\u00fablicos y privados, universidades, hospitales, plazas y avenidas, pues, pensar en Ismael Guardado es pensar en un universo creativo tan vasto como su trayectoria, consolidada a lo largo de casi seis d\u00e9cadas de incansable producci\u00f3n art\u00edstica. <\/p>\n<p>El muro \u201cBajo la roca\u201d<\/p>\n<p>En su anfitrion\u00eda, el Diputado Oscar Novella Mac\u00edas, presidente de la Comisi\u00f3n de Desarrollo Cultural, abri\u00f3 las intervenciones de este homenaje y dijo que hoy la Legislatura se honra en abrir las puertas no s\u00f3lo como sede del di\u00e1logo democr\u00e1tico sino como un espacio de reconocimiento a personas como al artista zacatecano Ismael Guardado. <\/p>\n<p>Mencion\u00f3 que como su obra el muro \u201cBajo la roca\u201d, situado en el vest\u00edbulo de la Legislatura, donde se llev\u00f3 a cabo el homenaje luctuoso, de gran fuerza simb\u00f3lica, nos recuerda que el arte no es un lujo sino una forma de resistencia y memoria que nos deja herencia. <\/p>\n<p>Su obra fue prol\u00edfica y coherente, dijo; el que se celebra aqu\u00ed no es un acto de despedida sino de gratitud, afirmaci\u00f3n y promesa de mantener viva la memoria a trav\u00e9s del arte y el compromiso con la cultura.  <\/p>\n<p>\u201cTierra mestiza\u201d<\/p>\n<p>Esa\u00fal Arteaga Dom\u00ednguez, investigador de la m\u00fasica tradicional y miembro fundador del grupo Huayrapamushka, que tuvo una intervenci\u00f3n especial en este acto con la pieza \u201cTierra mestiza\u201d, entre otras, agradeci\u00f3 al Gobierno del Estado por la deferencia en participar en este evento. <\/p>\n<p>Habl\u00f3, adem\u00e1s, del encuentro de Ismael Guardado con la m\u00fasica tradicional mexicana, influenciada por su madre y en su trayecto de formaci\u00f3n a finales de los a\u00f1os 60 y en los albores de los 70, cuando conform\u00f3 un dueto musical con repertorios sonoros tradicionales del sur de Am\u00e9rica como Bolivia, Ecuador y Argentina, con instrumentos mestizos y en el aporte de propuestas musicales. <\/p>\n<p>Ismael Guardado fue alguien que quiso e incit\u00f3 a restaurar y difundir la m\u00fasica de nuestro pa\u00eds y la identidad de la m\u00fasica latinoamericana.<\/p>\n<p>Referente en la pl\u00e1stica mexicana<\/p>\n<p>En su momento, la promotora del arte y la cultura en Zacatecas Irma Valerio, habl\u00f3 de su cercan\u00eda con los artistas de esta tierra y otras latitudes y su obra, a partir de su incansable trabajo en las galer\u00edas que llevan su nombre, pero en particular de Ismael y de su obra, situada en diferentes espacios p\u00fablicos, algunos de ellos consentidos por \u00e9l, como el Palacio de Justicia, donde pint\u00f3 el mural Temis.  <\/p>\n<p>Trajo a la memoria de los asistentes los temas recurrentes en sus piezas, que remiten a la profundidad, a las lejan\u00edas, al medio d\u00eda y los atardeceres en su est\u00e9tica y propuestas; de su paso en Michoac\u00e1n y la creaci\u00f3n de piezas particulares. \u201cFue mi Gur\u00fa en el arte. Se nos fue un referente en la pl\u00e1stica mexicana, quien nos deja un patrimonio art\u00edstico con una lectura abierta para todos\u201d, concluy\u00f3. <\/p>\n<p>Luis Herrera, director de la Unidad Acad\u00e9mica de Artes de la Universidad Aut\u00f3noma de Zacatecas (UAZ), dijo que hablar de Ismael es hablar de alguien a quien la Universidad le debe. Conservar y preservar la obra que existe al interior de la M\u00e1xima Casa de Estudios era el llamado que el Maestro hac\u00eda.<\/p>\n<p>La periodista, escritora y gestora cultural, J\u00e1nea Estrada Lazar\u00edn, parti\u00f3 de la fecha de su muerte, acaecida el 16 de mayo pasado, y reconoci\u00f3 \u201clo doloroso que resulta no morir, sino perder a uno de los artistas m\u00e1s importantes en la historia del arte de nuestro estado\u201d.<\/p>\n<p>Ismael Guardado -agreg\u00f3 Estrada Lazar\u00edn- fue un experimentador consuetudinario que buscaba desde un di\u00e1logo introspectivo generar una conversaci\u00f3n habitual con los signos que encontraba en la naturaleza, en la historia\u2026 poniendo \u00e9nfasis en c\u00f3mo los rituales nos modifican y nos conducen a una b\u00fasqueda constante para establecer conexiones irrefutables con lo ins\u00f3lito, con lo sagrado\u201d. <\/p>\n<p>Gabriela Mu\u00f1oz, a nombre de la familia Mart\u00ednez Guardado, agradeci\u00f3 al Gobierno de Zacatecas y a la Legislatura, a artistas, a exdirectores culturales, a universitarios, promotores del arte y la cultura y a comunidad art\u00edstica de la entidad por este homenaje que hace saber a los suyos que en su tierra tiene tantas muestras de cari\u00f1o que les llevan a fortalecerse.<\/p>\n<p>\u2014ooOoo\u2014<\/p>\n","protected":false},"excerpt":{"rendered":"<p>\u25aa\ufe0f El autor de Temis y El Prometeo Encadenado fue recordado, a unos d\u00edas de su deceso, con un acto especial, en el vest\u00edbulo de la<span class=\"excerpt-hellip\"> [\u2026]<\/span><\/p>\n","protected":false},"author":2,"featured_media":10884,"comment_status":"open","ping_status":"open","sticky":false,"template":"","format":"standard","meta":{"footnotes":""},"categories":[16],"tags":[],"class_list":["post-10883","post","type-post","status-publish","format-standard","has-post-thumbnail","hentry","category-zacatecas"],"_links":{"self":[{"href":"https:\/\/sientetupasion.com\/index.php\/wp-json\/wp\/v2\/posts\/10883","targetHints":{"allow":["GET"]}}],"collection":[{"href":"https:\/\/sientetupasion.com\/index.php\/wp-json\/wp\/v2\/posts"}],"about":[{"href":"https:\/\/sientetupasion.com\/index.php\/wp-json\/wp\/v2\/types\/post"}],"author":[{"embeddable":true,"href":"https:\/\/sientetupasion.com\/index.php\/wp-json\/wp\/v2\/users\/2"}],"replies":[{"embeddable":true,"href":"https:\/\/sientetupasion.com\/index.php\/wp-json\/wp\/v2\/comments?post=10883"}],"version-history":[{"count":1,"href":"https:\/\/sientetupasion.com\/index.php\/wp-json\/wp\/v2\/posts\/10883\/revisions"}],"predecessor-version":[{"id":10885,"href":"https:\/\/sientetupasion.com\/index.php\/wp-json\/wp\/v2\/posts\/10883\/revisions\/10885"}],"wp:featuredmedia":[{"embeddable":true,"href":"https:\/\/sientetupasion.com\/index.php\/wp-json\/wp\/v2\/media\/10884"}],"wp:attachment":[{"href":"https:\/\/sientetupasion.com\/index.php\/wp-json\/wp\/v2\/media?parent=10883"}],"wp:term":[{"taxonomy":"category","embeddable":true,"href":"https:\/\/sientetupasion.com\/index.php\/wp-json\/wp\/v2\/categories?post=10883"},{"taxonomy":"post_tag","embeddable":true,"href":"https:\/\/sientetupasion.com\/index.php\/wp-json\/wp\/v2\/tags?post=10883"}],"curies":[{"name":"wp","href":"https:\/\/api.w.org\/{rel}","templated":true}]}}