{"id":10829,"date":"2025-05-21T07:42:13","date_gmt":"2025-05-21T13:42:13","guid":{"rendered":"https:\/\/sientetupasion.com\/?p=10829"},"modified":"2025-05-21T07:42:13","modified_gmt":"2025-05-21T13:42:13","slug":"ulises-mejia-haro-consolidemos-los-derechos-politicos-de-mexicanos-en-el-exterior","status":"publish","type":"post","link":"https:\/\/sientetupasion.com\/index.php\/2025\/05\/21\/ulises-mejia-haro-consolidemos-los-derechos-politicos-de-mexicanos-en-el-exterior\/","title":{"rendered":"ULISES MEJ\u00cdA HARO: CONSOLIDEMOS LOS DERECHOS POL\u00cdTICOS DE MEXICANOS EN EL EXTERIOR"},"content":{"rendered":"<p>Zacatecas, Zac., a 19 de mayo de 2025.\u2013<br \/>\nEn el marco de un foro plural e incluyente, el diputado federal Ulises Mej\u00eda Haro particip\u00f3 en el panel \u201cDerechos pol\u00edticos plenos para las y los migrantes\u201d, realizado en la Unidad Acad\u00e9mica de Estudios del Desarrollo de la Universidad Aut\u00f3noma de Zacatecas (UAZ), donde se analizaron los retos y oportunidades para fortalecer la representaci\u00f3n pol\u00edtica de las y los mexicanos que radican en el extranjero.<\/p>\n<p>El evento reuni\u00f3 a representantes de federaciones migrantes, acad\u00e9micos, autoridades locales y electorales y legisladores comprometidos con el reconocimiento efectivo de los derechos pol\u00edticos de la comunidad migrante. Entre las y los panelistas destacados se encontraron:<br \/>\n\t\u2022\tAvelino Meza, secretario de Fuerza Migrante;<br \/>\n\t\u2022\tGuadalupe G\u00f3mez, expresidente de la Federaci\u00f3n de Clubes Zacatecanos del Sur de California;<br \/>\n\t\u2022\tSigifredo Mu\u00f1oz, presidente de la Federaci\u00f3n de Clubes Zacatecanos en Fort Worth, Texas;<br \/>\n\t\u2022\tDr. Miguel Moctezuma Longoria, catedr\u00e1tico de la UAZ y especialista en estudios migratorios;<br \/>\n\t\u2022\tDr. Mat\u00edas Chiquito D\u00edaz de Le\u00f3n, vocal ejecutivo del INE en Zacatecas;<br \/>\n\t\u2022\tDiputado local Roberto Lamas, representante por la acci\u00f3n afirmativa migrante en el Congreso del Estado;<br \/>\n\t\u2022\tY Miguel \u00c1ngel Varela, alcalde de la capital de Zacatecas.<\/p>\n<p>Durante su intervenci\u00f3n, Ulises Mej\u00eda Haro subray\u00f3 que M\u00e9xico es una naci\u00f3n transnacional, con m\u00e1s de 13 millones de personas mexicanas viviendo fuera del pa\u00eds, de las cuales el 95% reside en Estados Unidos. Si se consideran las segundas y terceras generaciones, cerca de 40 millones de personas de origen mexicano en el extranjero, incluyendo 1.5 millones de zacatecanas y zacatecanos.<\/p>\n<p>El legislador record\u00f3 que, tan solo en 2022, las remesas enviadas por la comunidad migrante alcanzaron 58,497 millones de d\u00f3lares, representando casi el 4% del PIB nacional y superando por mucho la inversi\u00f3n extranjera directa. En Zacatecas, las remesas sumaron 1,724 millones de d\u00f3lares, una cifra superior al propio presupuesto estatal.<\/p>\n<p>\u201cNo es justo que quienes sostienen a miles de familias en M\u00e9xico no tengan un verdadero derecho a decidir. Las y los migrantes no son cifras, son ciudadanas y ciudadanos con v\u00ednculos vivos con nuestro pa\u00eds, con sue\u00f1os, propuestas y una voz que debe ser escuchada\u201d, afirm\u00f3.<\/p>\n<p>Ante este contexto, present\u00f3 los detalles de la iniciativa de reforma constitucional que impulsa en la C\u00e1mara de Diputados, cuyo objetivo es:<br \/>\n\t\u2022\tCrear un distrito electoral extraterritorial, para elegir diputaciones migrantes por mayor\u00eda relativa, mediante candidaturas independientes;<br \/>\n\t\u2022\tModificar los art\u00edculos 52 y 53 de la Constituci\u00f3n, reasignando uno de los 300 distritos federales al exterior, sin aumentar el n\u00famero de curules;<br \/>\n\t\u2022\tEstablecer 10 diputaciones migrantes (5 mujeres y 5 hombres), elegidas exclusivamente por mexicanas y mexicanos que acrediten su residencia en el extranjero;<br \/>\n\t\u2022\tImponer requisitos de residencia comprobada, garantizando que las candidaturas representen aut\u00e9nticamente a la comunidad migrante;<br \/>\n\t\u2022\tPromover reformas locales, como en Zacatecas, para crear el Distrito Migrante 19, redistribuyendo la representaci\u00f3n de 18 a 20 diputaciones de mayor\u00eda relativa, de las cuales 2 ser\u00edan electas desde el exterior mediante candidaturas independientes.<\/p>\n<p>Ulises Mej\u00eda Haro aclar\u00f3 que esta propuesta no incrementa el n\u00famero de cargos p\u00fablicos, respeta el equilibrio constitucional del Poder Legislativo y responde a una realidad demogr\u00e1fica, econ\u00f3mica y pol\u00edtica que ya no puede seguir siendo ignorada.<\/p>\n<p>Adem\u00e1s, resalt\u00f3 que este modelo fortalece la credencializaci\u00f3n ante el INE, impulsa la organizaci\u00f3n de las redes comunitarias migrantes, y visibiliza derechos fundamentales como el acceso a salud, vivienda, educaci\u00f3n y empleo sin discriminaci\u00f3n en Estados Unidos para las generaciones en el pa\u00eds vecino.<\/p>\n<p>\u201cEstamos legislando para consolidar una representaci\u00f3n amplia de la comunidad migrante, dot\u00e1ndoles de una voz propia en las decisiones del pa\u00eds\u201d, concluy\u00f3.<\/p>\n","protected":false},"excerpt":{"rendered":"<p>Zacatecas, Zac., a 19 de mayo de 2025.\u2013 En el marco de un foro plural e incluyente, el diputado federal Ulises Mej\u00eda Haro particip\u00f3 en el<span class=\"excerpt-hellip\"> [\u2026]<\/span><\/p>\n","protected":false},"author":2,"featured_media":10830,"comment_status":"open","ping_status":"open","sticky":false,"template":"","format":"standard","meta":{"footnotes":""},"categories":[8],"tags":[],"class_list":["post-10829","post","type-post","status-publish","format-standard","has-post-thumbnail","hentry","category-politica"],"_links":{"self":[{"href":"https:\/\/sientetupasion.com\/index.php\/wp-json\/wp\/v2\/posts\/10829","targetHints":{"allow":["GET"]}}],"collection":[{"href":"https:\/\/sientetupasion.com\/index.php\/wp-json\/wp\/v2\/posts"}],"about":[{"href":"https:\/\/sientetupasion.com\/index.php\/wp-json\/wp\/v2\/types\/post"}],"author":[{"embeddable":true,"href":"https:\/\/sientetupasion.com\/index.php\/wp-json\/wp\/v2\/users\/2"}],"replies":[{"embeddable":true,"href":"https:\/\/sientetupasion.com\/index.php\/wp-json\/wp\/v2\/comments?post=10829"}],"version-history":[{"count":1,"href":"https:\/\/sientetupasion.com\/index.php\/wp-json\/wp\/v2\/posts\/10829\/revisions"}],"predecessor-version":[{"id":10831,"href":"https:\/\/sientetupasion.com\/index.php\/wp-json\/wp\/v2\/posts\/10829\/revisions\/10831"}],"wp:featuredmedia":[{"embeddable":true,"href":"https:\/\/sientetupasion.com\/index.php\/wp-json\/wp\/v2\/media\/10830"}],"wp:attachment":[{"href":"https:\/\/sientetupasion.com\/index.php\/wp-json\/wp\/v2\/media?parent=10829"}],"wp:term":[{"taxonomy":"category","embeddable":true,"href":"https:\/\/sientetupasion.com\/index.php\/wp-json\/wp\/v2\/categories?post=10829"},{"taxonomy":"post_tag","embeddable":true,"href":"https:\/\/sientetupasion.com\/index.php\/wp-json\/wp\/v2\/tags?post=10829"}],"curies":[{"name":"wp","href":"https:\/\/api.w.org\/{rel}","templated":true}]}}