{"id":10639,"date":"2025-05-15T07:12:38","date_gmt":"2025-05-15T13:12:38","guid":{"rendered":"https:\/\/sientetupasion.com\/?p=10639"},"modified":"2025-05-15T07:12:38","modified_gmt":"2025-05-15T13:12:38","slug":"presenta-gobierno-de-zacatecas-programa-de-sensibilizacion-lazarito-llega-a-tu-escuela","status":"publish","type":"post","link":"https:\/\/sientetupasion.com\/index.php\/2025\/05\/15\/presenta-gobierno-de-zacatecas-programa-de-sensibilizacion-lazarito-llega-a-tu-escuela\/","title":{"rendered":"Presenta Gobierno de Zacatecas Programa de Sensibilizaci\u00f3n \u201cLazarito llega a tu escuela"},"content":{"rendered":"<p>\u201d<\/p>\n<p>\u25aa\ufe0f  Fortalecer y mejorar la atenci\u00f3n a este sector en temas de inclusi\u00f3n, el objetivo<br \/>\n\u25aa\ufe0f  Busca fomentar y visibilizar la discapacidad, para la creaci\u00f3n de una sociedad m\u00e1s justa y equitativa para todas las personas<\/p>\n<p>Zacatecas, Zac., 13 de mayo de 2025.- Con la finalidad de promover la inclusi\u00f3n y la dignificaci\u00f3n de las personas con discapacidad, el Gobierno de Zacatecas, encabezado por el mandatario estatal David Monreal \u00c1vila, a trav\u00e9s del Instituto para la Atenci\u00f3n e Inclusi\u00f3n de las Personas con Discapacidad, present\u00f3 el programa de sensibilizaci\u00f3n \u201cLazarito llega a tu escuela\u201d.<\/p>\n<p>Motivado en los objetivos de la Agenda del Bienestar 2025, este programa busca fomentar y visibilizar la discapacidad, para la creaci\u00f3n de una sociedad m\u00e1s justa y equitativa para todas las personas.<\/p>\n<p>En encuentro con medios de comunicaci\u00f3n, la titular del Instituto, Miriam Garc\u00eda Zamora, as\u00ed como, Juan Enrique L\u00f3pez, encargado del departamento de atenci\u00f3n psicol\u00f3gica, informaron que, a trav\u00e9s de una metodolog\u00eda innovadora y din\u00e1mica, se utilizar\u00e1n cuentos y met\u00e1foras para transmitir valores y principios inclusivos, mediante un enfoque integral que incorpora los derechos humanos, el lenguaje inclusivo y la prevenci\u00f3n de tratos discriminatorios.<\/p>\n<p>Los cuentos, interactivos y actuados pueden ser adaptados a las necesidades y habilidades de las y los ni\u00f1os, lo que los hace accesibles y divertidos para todos.<\/p>\n<p>Destacaron que este programa est\u00e1 dise\u00f1ado espec\u00edficamente para ni\u00f1os de primero a tercer grado escolar; se enfoca en la importancia de fomentar la empat\u00eda, el respeto y la inclusi\u00f3n hacia las personas con discapacidad, desde una edad temprana, ya que, esta etapa es fundamental para el desarrollo de habilidades mentales y sociales que les permitir\u00e1n interactuar de manera efectiva y respetuosa con personas de todas las habilidades y capacidades.<\/p>\n<p>Miriam Garc\u00eda destac\u00f3 que estas acciones son fundamentales para crear conciencia y respeto hacia este sector, garantizando su plena participaci\u00f3n y desarrollo en el entorno educativo. \u201cInvito a la sociedad en general a que veamos el respeto desde una mirada m\u00e1s profunda; que el respeto no s\u00f3lo es cortes\u00eda, amabilidad o buena educaci\u00f3n, es un reconocimiento emocional de la existencia\u201d.<\/p>\n<p>El aliado en este proceso ser\u00e1 Lazarito, un perro gu\u00eda con discapacidad auditiva que auxilia a personas con discapacidad, fomentando la empat\u00eda y el respeto sin importar condici\u00f3n.<\/p>\n<p>\u2014ooOoo\u2014<\/p>\n","protected":false},"excerpt":{"rendered":"<p>\u201d \u25aa\ufe0f Fortalecer y mejorar la atenci\u00f3n a este sector en temas de inclusi\u00f3n, el objetivo \u25aa\ufe0f Busca fomentar y visibilizar la discapacidad, para la creaci\u00f3n<span class=\"excerpt-hellip\"> [\u2026]<\/span><\/p>\n","protected":false},"author":2,"featured_media":10640,"comment_status":"open","ping_status":"open","sticky":false,"template":"","format":"standard","meta":{"footnotes":""},"categories":[16],"tags":[],"class_list":["post-10639","post","type-post","status-publish","format-standard","has-post-thumbnail","hentry","category-zacatecas"],"_links":{"self":[{"href":"https:\/\/sientetupasion.com\/index.php\/wp-json\/wp\/v2\/posts\/10639","targetHints":{"allow":["GET"]}}],"collection":[{"href":"https:\/\/sientetupasion.com\/index.php\/wp-json\/wp\/v2\/posts"}],"about":[{"href":"https:\/\/sientetupasion.com\/index.php\/wp-json\/wp\/v2\/types\/post"}],"author":[{"embeddable":true,"href":"https:\/\/sientetupasion.com\/index.php\/wp-json\/wp\/v2\/users\/2"}],"replies":[{"embeddable":true,"href":"https:\/\/sientetupasion.com\/index.php\/wp-json\/wp\/v2\/comments?post=10639"}],"version-history":[{"count":1,"href":"https:\/\/sientetupasion.com\/index.php\/wp-json\/wp\/v2\/posts\/10639\/revisions"}],"predecessor-version":[{"id":10641,"href":"https:\/\/sientetupasion.com\/index.php\/wp-json\/wp\/v2\/posts\/10639\/revisions\/10641"}],"wp:featuredmedia":[{"embeddable":true,"href":"https:\/\/sientetupasion.com\/index.php\/wp-json\/wp\/v2\/media\/10640"}],"wp:attachment":[{"href":"https:\/\/sientetupasion.com\/index.php\/wp-json\/wp\/v2\/media?parent=10639"}],"wp:term":[{"taxonomy":"category","embeddable":true,"href":"https:\/\/sientetupasion.com\/index.php\/wp-json\/wp\/v2\/categories?post=10639"},{"taxonomy":"post_tag","embeddable":true,"href":"https:\/\/sientetupasion.com\/index.php\/wp-json\/wp\/v2\/tags?post=10639"}],"curies":[{"name":"wp","href":"https:\/\/api.w.org\/{rel}","templated":true}]}}