{"id":10579,"date":"2025-05-14T18:45:23","date_gmt":"2025-05-15T00:45:23","guid":{"rendered":"https:\/\/sientetupasion.com\/?p=10579"},"modified":"2025-05-14T18:45:23","modified_gmt":"2025-05-15T00:45:23","slug":"morena-y-sus-gobiernos-pregonan-una-falsa-austeridad-carlos-pena-2","status":"publish","type":"post","link":"https:\/\/sientetupasion.com\/index.php\/2025\/05\/14\/morena-y-sus-gobiernos-pregonan-una-falsa-austeridad-carlos-pena-2\/","title":{"rendered":"MORENA Y SUS GOBIERNOS PREGONAN UNA FALSA AUSTERIDAD, CARLOS PE\u00d1A"},"content":{"rendered":"<p>\u2022  *El Presidente estatal del tricolor, Diputado Carlos Pe\u00f1a Badillo dio a conocer que la Fracci\u00f3n Parlamentaria del PRI en la LXV Legislatura presentar\u00e1 hoy, un Punto de Acuerdo que busca apoyar a las y los productores agropecuarios zacatecanos.*<\/p>\n<p>El Presidente del Comit\u00e9 Directivo Estatal (CDE) del Partido Revolucionario Institucional (PRI), Carlos Pe\u00f1a Badillo, enfatiz\u00f3 que Morena y sus gobiernos pregonan una falsa austeridad y tratan de enga\u00f1ar a las y los mexicanos con modificaciones estatutarias, mientras el gasto p\u00fablico en M\u00e9xico se recorta cada vez m\u00e1s y sus dirigentes y representantes viven en el lujo y dispendio.<br \/>\nEn conferencia de prensa, Pe\u00f1a Badillo destac\u00f3 que la vida interna de Morena y sus estatutos solo son una manera de hacer pol\u00edtica desde adentro hacia el exterior, pero siguen simulando y aparentando para seguir inmersos en el exceso y en el abuso del poder.<\/p>\n<p>No conocemos a ning\u00fan militante de Morena que pueda hablar de austeridad real, de no excesos en los cargos p\u00fablicos o que pueda decir que no tiene a familiares o gente cercana en cargos p\u00fablicos, responsabilidades de gobierno o en los quehaceres de la pol\u00edtica.<\/p>\n<p>Por ello, el dirigente estatal priista, Carlos Pe\u00f1a Badillo, reafirm\u00f3 y respald\u00f3 la decisi\u00f3n que ha tomado la dirigencia nacional del partido para exhibir cada uno de los excesos y hechos que demuestran que Morena miente, que hay hipocres\u00eda  con lo que dicen, frente a lo que hacen.<\/p>\n<p>Morena habla de austeridad pero vuelan en primera clase, dicen no al nepotismo pero tienen inmersos a familiares y amigos en la toma de decisiones. Morena habla de austeridad pero simulan en camionetas y veh\u00edculos de lujo, y esa realidad la debe conocer la ciudadan\u00eda, a quienes quieren seguir enga\u00f1ando y traicionando, sostuvo. <\/p>\n<p>En otro orden de ideas, Carlos Pe\u00f1a Badillo, dio a conocer que las y los integrantes de la Fracci\u00f3n Parlamentaria del PRI en la LXV Legislatura, con el respaldo de las y los Diputados del PAN, PRD, PT, MC y Nueva Alianza, presentar\u00e1n el d\u00eda de hoy, un Punto de Acuerdo para apoyar a las y los productores zacatecanos.<\/p>\n<p>Mencion\u00f3 que este Punto de Acuerdo busca hacer un llamado a la Presidenta de la Rep\u00fablica para que a trav\u00e9s de un Decreto Presidencial puedan modificarse los estatutos que tienen las concesiones de la Comisi\u00f3n Nacional del Agua, que est\u00e1n vencidas y atentando contra las y los productores zacatecanos.<\/p>\n<p>Adem\u00e1s, dijo, exhorta a las mayor\u00edas a respaldar las modificaciones presupuestales necesarias, las acciones inmediatas en favor de la econom\u00eda de las y los productores y la visi\u00f3n de largo plazo en el trabajo presupuestal hacia el 2026. <\/p>\n<p>Finalmente, el Presidente estatal del PRI, Carlos Pe\u00f1a Badillo lament\u00f3 los hechos de inseguridad suscitados en el estado de Veracruz, donde fue asesinada una candidata por el partido Morena. <\/p>\n<p>Destac\u00f3 que el clima de inseguridad que se vive en M\u00e9xico, por m\u00e1s que Morena no quiera ver la realidad, debe atenderse y enfrentarse con la fuerza del Estado.<\/p>\n<p>Durante esta conferencia de prensa que se llev\u00f3 a cabo en el Sal\u00f3n Gobernadores de la sede estatal priista estuvieron presentes los Diputados Isadora Santiva\u00f1ez R\u00edos y David Gonz\u00e1lez. As\u00ed como los secretarios del Comit\u00e9 Estatal, dirigentes de Sectores y Organizaciones, y la Coordinadora Estatal de los Regidores Priistas, Mariana Anaya Mota.  <\/p>\n<p>&#8212;000&#8212;<\/p>\n","protected":false},"excerpt":{"rendered":"<p>\u2022 *El Presidente estatal del tricolor, Diputado Carlos Pe\u00f1a Badillo dio a conocer que la Fracci\u00f3n Parlamentaria del PRI en la LXV Legislatura presentar\u00e1 hoy, un<span class=\"excerpt-hellip\"> [\u2026]<\/span><\/p>\n","protected":false},"author":2,"featured_media":10580,"comment_status":"open","ping_status":"open","sticky":false,"template":"","format":"standard","meta":{"footnotes":""},"categories":[8],"tags":[],"class_list":["post-10579","post","type-post","status-publish","format-standard","has-post-thumbnail","hentry","category-politica"],"_links":{"self":[{"href":"https:\/\/sientetupasion.com\/index.php\/wp-json\/wp\/v2\/posts\/10579","targetHints":{"allow":["GET"]}}],"collection":[{"href":"https:\/\/sientetupasion.com\/index.php\/wp-json\/wp\/v2\/posts"}],"about":[{"href":"https:\/\/sientetupasion.com\/index.php\/wp-json\/wp\/v2\/types\/post"}],"author":[{"embeddable":true,"href":"https:\/\/sientetupasion.com\/index.php\/wp-json\/wp\/v2\/users\/2"}],"replies":[{"embeddable":true,"href":"https:\/\/sientetupasion.com\/index.php\/wp-json\/wp\/v2\/comments?post=10579"}],"version-history":[{"count":1,"href":"https:\/\/sientetupasion.com\/index.php\/wp-json\/wp\/v2\/posts\/10579\/revisions"}],"predecessor-version":[{"id":10581,"href":"https:\/\/sientetupasion.com\/index.php\/wp-json\/wp\/v2\/posts\/10579\/revisions\/10581"}],"wp:featuredmedia":[{"embeddable":true,"href":"https:\/\/sientetupasion.com\/index.php\/wp-json\/wp\/v2\/media\/10580"}],"wp:attachment":[{"href":"https:\/\/sientetupasion.com\/index.php\/wp-json\/wp\/v2\/media?parent=10579"}],"wp:term":[{"taxonomy":"category","embeddable":true,"href":"https:\/\/sientetupasion.com\/index.php\/wp-json\/wp\/v2\/categories?post=10579"},{"taxonomy":"post_tag","embeddable":true,"href":"https:\/\/sientetupasion.com\/index.php\/wp-json\/wp\/v2\/tags?post=10579"}],"curies":[{"name":"wp","href":"https:\/\/api.w.org\/{rel}","templated":true}]}}