{"id":10547,"date":"2025-05-13T12:20:57","date_gmt":"2025-05-13T18:20:57","guid":{"rendered":"https:\/\/sientetupasion.com\/?p=10547"},"modified":"2025-05-13T12:20:57","modified_gmt":"2025-05-13T18:20:57","slug":"se-comprometen-sistema-estatal-y-municipales-dif-en-promover-educacion-de-calidad-desde-las-familias","status":"publish","type":"post","link":"https:\/\/sientetupasion.com\/index.php\/2025\/05\/13\/se-comprometen-sistema-estatal-y-municipales-dif-en-promover-educacion-de-calidad-desde-las-familias\/","title":{"rendered":"Se comprometen sistema estatal y municipales DIF en promover educaci\u00f3n de calidad desde las familias"},"content":{"rendered":"<p>\u25aa\ufe0fSe re\u00fanen representantes de los Sistemas Municipales para el Desarrollo Integral de la Familia de todo el estado<br \/>\n\u25aa\ufe0fOfrecen dos conferencias especializadas en materia de concientizaci\u00f3n sobre los riesgos digitales<br \/>\n\u25aa\ufe0fAbordan temas clave para sensibilizar a padres de familia y a miembros de las comunidades educativas<\/p>\n<p>Zacatecas, Zac., 12 de mayo 2025.- Con el objetivo de fortalecer el papel crucial de la familia como agente protector frente a la deserci\u00f3n y el acoso escolar, el Gobierno de Zacatecas, encabezado por el mandatario David Monreal \u00c1vila, a trav\u00e9s del Sistema Estatal para el Desarrollo Integral de la Familia (SEDIF), en coordinaci\u00f3n con el Instituto de An\u00e1lisis de Pol\u00edtica Familiar (IAPF), llev\u00f3 a cabo la capacitaci\u00f3n &#8220;Promover la Educaci\u00f3n con Calidad desde la Familia&#8221;, dirigida a representantes de los sistemas municipales DIF.<\/p>\n<p>La Presidenta Honor\u00edfica del SEDIF, Sara Hern\u00e1ndez de Monreal, junto con el Director General, V\u00edctor Humberto de la Torre, encabezaron esta importante actividad que reuni\u00f3 a representantes de los sistemas municipales DIF de todo el estado, comprometidos con la mejora de la educaci\u00f3n y el bienestar de las y los ni\u00f1os y j\u00f3venes zacatecanos. <\/p>\n<p>Durante el evento, se abordaron temas clave para sensibilizar a los padres de familia y a los miembros de las comunidades educativas, sobre su papel fundamental en la prevenci\u00f3n de riesgos y en el fomento de un ambiente escolar seguro y estimulante.<\/p>\n<p>Se ofrecieron dos conferencias especializadas en materia de concientizaci\u00f3n sobre los riesgos digitales, impartida por Irene Garc\u00eda, quien comparti\u00f3 valiosas estrategias para proteger a ni\u00f1as, ni\u00f1os y adolescentes en el entorno digital, sensibilizando a las y los participantes sobre los peligros de las redes sociales y el ciberacoso.<\/p>\n<p>La promoci\u00f3n de la permanencia y el bienestar escolar fue abordada por Herzel Garc\u00eda, quien ofreci\u00f3 herramientas y consejos pr\u00e1cticos para fomentar la permanencia escolar, destacando la importancia del apoyo familiar y comunitario en el desarrollo acad\u00e9mico y emocional de las y los estudiantes.<\/p>\n<p>Al finalizar las conferencias, las y los asistentes firmaron un compromiso conjunto para promover una educaci\u00f3n de calidad desde la familia. Este compromiso busca consolidar el rol de las familias como pilares en el proceso educativo, trabajando de la mano con las autoridades y los centros educativos para asegurar que las y los ni\u00f1os y adolescentes cuenten con un entorno protector, inclusivo y estimulante para su desarrollo acad\u00e9mico y personal.<\/p>\n<p>\u2014ooOoo\u2014<\/p>\n","protected":false},"excerpt":{"rendered":"<p>\u25aa\ufe0fSe re\u00fanen representantes de los Sistemas Municipales para el Desarrollo Integral de la Familia de todo el estado \u25aa\ufe0fOfrecen dos conferencias especializadas en materia de concientizaci\u00f3n<span class=\"excerpt-hellip\"> [\u2026]<\/span><\/p>\n","protected":false},"author":2,"featured_media":10548,"comment_status":"open","ping_status":"open","sticky":false,"template":"","format":"standard","meta":{"footnotes":""},"categories":[16],"tags":[],"class_list":["post-10547","post","type-post","status-publish","format-standard","has-post-thumbnail","hentry","category-zacatecas"],"_links":{"self":[{"href":"https:\/\/sientetupasion.com\/index.php\/wp-json\/wp\/v2\/posts\/10547","targetHints":{"allow":["GET"]}}],"collection":[{"href":"https:\/\/sientetupasion.com\/index.php\/wp-json\/wp\/v2\/posts"}],"about":[{"href":"https:\/\/sientetupasion.com\/index.php\/wp-json\/wp\/v2\/types\/post"}],"author":[{"embeddable":true,"href":"https:\/\/sientetupasion.com\/index.php\/wp-json\/wp\/v2\/users\/2"}],"replies":[{"embeddable":true,"href":"https:\/\/sientetupasion.com\/index.php\/wp-json\/wp\/v2\/comments?post=10547"}],"version-history":[{"count":1,"href":"https:\/\/sientetupasion.com\/index.php\/wp-json\/wp\/v2\/posts\/10547\/revisions"}],"predecessor-version":[{"id":10549,"href":"https:\/\/sientetupasion.com\/index.php\/wp-json\/wp\/v2\/posts\/10547\/revisions\/10549"}],"wp:featuredmedia":[{"embeddable":true,"href":"https:\/\/sientetupasion.com\/index.php\/wp-json\/wp\/v2\/media\/10548"}],"wp:attachment":[{"href":"https:\/\/sientetupasion.com\/index.php\/wp-json\/wp\/v2\/media?parent=10547"}],"wp:term":[{"taxonomy":"category","embeddable":true,"href":"https:\/\/sientetupasion.com\/index.php\/wp-json\/wp\/v2\/categories?post=10547"},{"taxonomy":"post_tag","embeddable":true,"href":"https:\/\/sientetupasion.com\/index.php\/wp-json\/wp\/v2\/tags?post=10547"}],"curies":[{"name":"wp","href":"https:\/\/api.w.org\/{rel}","templated":true}]}}