{"id":10509,"date":"2025-05-12T17:40:03","date_gmt":"2025-05-12T23:40:03","guid":{"rendered":"https:\/\/sientetupasion.com\/?p=10509"},"modified":"2025-05-12T17:40:03","modified_gmt":"2025-05-12T23:40:03","slug":"desde-jerez-zacatecas-ulises-mejia-haro-propone-diputacion-migrante-de-mayoria-relativa","status":"publish","type":"post","link":"https:\/\/sientetupasion.com\/index.php\/2025\/05\/12\/desde-jerez-zacatecas-ulises-mejia-haro-propone-diputacion-migrante-de-mayoria-relativa\/","title":{"rendered":"DESDE JEREZ, ZACATECAS: ULISES MEJ\u00cdA HARO PROPONE DIPUTACI\u00d3N MIGRANTE DE MAYOR\u00cdA RELATIVA"},"content":{"rendered":"<p>Jerez, Zacatecas, a 12 de mayo de 2025.\u2013<br \/>\nDesde el municipio de Jerez, el diputado federal Ulises Mej\u00eda Haro encabez\u00f3 la edici\u00f3n n\u00famero 31 de \u201cLa Legislativa\u201d, su conferencia semanal itinerante, donde present\u00f3 una iniciativa de reforma constitucional para crear una diputaci\u00f3n de mayor\u00eda relativa exclusiva para la comunidad migrante, que sea electa directamente por mexicanas y mexicanos residentes en el extranjero.<\/p>\n<p>Durante su intervenci\u00f3n, el legislador zacatecano subray\u00f3 que la comunidad migrante mexicana en el exterior, particularmente en Estados Unidos, asciende a cerca de 40 millones de personas, de las cuales m\u00e1s de un mill\u00f3n y medio son zacatecanas y zacatecanos, quienes mantienen un profundo v\u00ednculo econ\u00f3mico, cultural y social con M\u00e9xico.<\/p>\n<p>Actualmente, las y los mexicanos en el extranjero tienen derecho al voto en elecciones federales, pero carecen de una representaci\u00f3n directa en la C\u00e1mara de Diputados, lo que limita su incidencia en decisiones legislativas clave.<\/p>\n<p>\u201cNo generalizo. Ha habido dignos representantes en las diputaciones migrantes tanto locales como federales; sin embargo, tambi\u00e9n hemos visto casos de varios \u2018cachirules\u2019 que acceden a esas candidaturas sin vivir realmente en el extranjero, ni representar a la comunidad migrante\u201d, expres\u00f3 Mej\u00eda Haro.<\/p>\n<p>La iniciativa contempla modificar los art\u00edculos 52 y 53 de la Constituci\u00f3n Pol\u00edtica de los Estados Unidos Mexicanos, con los siguientes objetivos:<br \/>\n\t\u2022\tEstablecer un distrito electoral extraterritorial sin aumentar el n\u00famero total de diputaciones, reasignando uno de los 300 distritos de mayor\u00eda relativa para ser electo directamente por la comunidad migrante.<br \/>\n\t\u2022\tPreservar la representaci\u00f3n proporcional y estatal, manteniendo el esquema de 200 diputaciones plurinominales y el m\u00ednimo de diez diputaciones de mayor\u00eda relativa.<br \/>\n\t\u2022\tGarantizar el voto exclusivo de quienes acrediten su residencia efectiva en el extranjero, mediante la credencial para votar con domicilio fuera del pa\u00eds.<\/p>\n<p>Adem\u00e1s, la iniciativa modifica los principios de elegibilidad para aspirar a esta diputaci\u00f3n, estableciendo mecanismos que aseguren la residencia real en el extranjero. Entre los requisitos se incluyen comprobantes de domicilio, recibos de pago de servicios, contratos de arrendamiento, cr\u00e9ditos hipotecarios o cualquier documento oficial que acredite su vida activa fuera del territorio nacional.<\/p>\n<p>\u201cSe trata de que las y los migrantes elijan a quienes realmente les representen, y no que las c\u00fapulas partidistas impongan candidaturas desde M\u00e9xico a trav\u00e9s de listas plurinominales. Queremos un proceso abierto, aut\u00e9ntico y verdaderamente democr\u00e1tico\u201d, sostuvo.<\/p>\n<p>Como parte de una reforma integral, la propuesta tambi\u00e9n incluye modificaciones a nivel local, para que los congresos estatales creen distritos migrantes. En el caso de Zacatecas, se propone establecer el Distrito 19 Migrante, electo por voto directo en el extranjero, lo que implicar\u00eda pasar de 12 a 10 diputaciones de representaci\u00f3n proporcional y de 18 a 20 diputaciones de mayor\u00eda relativa.<\/p>\n<p>Con esta iniciativa, el diputado Mej\u00eda Haro busca fortalecer la voz e influencia de los migrantes en la vida p\u00fablica del pa\u00eds y de los ciudadanos mexicanos que radiquen en el exterior.<\/p>\n","protected":false},"excerpt":{"rendered":"<p>Jerez, Zacatecas, a 12 de mayo de 2025.\u2013 Desde el municipio de Jerez, el diputado federal Ulises Mej\u00eda Haro encabez\u00f3 la edici\u00f3n n\u00famero 31 de \u201cLa<span class=\"excerpt-hellip\"> [\u2026]<\/span><\/p>\n","protected":false},"author":2,"featured_media":10510,"comment_status":"open","ping_status":"open","sticky":false,"template":"","format":"standard","meta":{"footnotes":""},"categories":[8],"tags":[],"class_list":["post-10509","post","type-post","status-publish","format-standard","has-post-thumbnail","hentry","category-politica"],"_links":{"self":[{"href":"https:\/\/sientetupasion.com\/index.php\/wp-json\/wp\/v2\/posts\/10509","targetHints":{"allow":["GET"]}}],"collection":[{"href":"https:\/\/sientetupasion.com\/index.php\/wp-json\/wp\/v2\/posts"}],"about":[{"href":"https:\/\/sientetupasion.com\/index.php\/wp-json\/wp\/v2\/types\/post"}],"author":[{"embeddable":true,"href":"https:\/\/sientetupasion.com\/index.php\/wp-json\/wp\/v2\/users\/2"}],"replies":[{"embeddable":true,"href":"https:\/\/sientetupasion.com\/index.php\/wp-json\/wp\/v2\/comments?post=10509"}],"version-history":[{"count":1,"href":"https:\/\/sientetupasion.com\/index.php\/wp-json\/wp\/v2\/posts\/10509\/revisions"}],"predecessor-version":[{"id":10511,"href":"https:\/\/sientetupasion.com\/index.php\/wp-json\/wp\/v2\/posts\/10509\/revisions\/10511"}],"wp:featuredmedia":[{"embeddable":true,"href":"https:\/\/sientetupasion.com\/index.php\/wp-json\/wp\/v2\/media\/10510"}],"wp:attachment":[{"href":"https:\/\/sientetupasion.com\/index.php\/wp-json\/wp\/v2\/media?parent=10509"}],"wp:term":[{"taxonomy":"category","embeddable":true,"href":"https:\/\/sientetupasion.com\/index.php\/wp-json\/wp\/v2\/categories?post=10509"},{"taxonomy":"post_tag","embeddable":true,"href":"https:\/\/sientetupasion.com\/index.php\/wp-json\/wp\/v2\/tags?post=10509"}],"curies":[{"name":"wp","href":"https:\/\/api.w.org\/{rel}","templated":true}]}}